{"id":145573,"date":"2020-01-09T13:32:06","date_gmt":"2020-01-09T16:32:06","guid":{"rendered":"http:\/\/www.caririemacao.com\/1\/?p=145573"},"modified":"2020-01-09T13:32:06","modified_gmt":"2020-01-09T16:32:06","slug":"deputado-exonera-irmao-de-ricardo-coutinho-de-seu-gabinete","status":"publish","type":"post","link":"https:\/\/www.caririemacao.com\/1\/2020\/01\/09\/deputado-exonera-irmao-de-ricardo-coutinho-de-seu-gabinete\/","title":{"rendered":"Deputado exonera irm\u00e3o de Ricardo Coutinho de seu gabinete"},"content":{"rendered":"\n<p><br>Apesar das defesas que vem fazendo em favor do n\u00facleo socialista comandado pelo ex-governador Ricardo Coutinho, preso pela Opera\u00e7\u00e3o Calv\u00e1rio, o deputado federal Gerv\u00e1sio Maia (PSB) resolveu exonerar do seu gabinete Coriolano Coutinho, irm\u00e3o do ex-governador, tamb\u00e9m preso pela opera\u00e7\u00e3o sob a acusa\u00e7\u00e3o de participar de uma organiza\u00e7\u00e3o criminosa, que desviou recursos p\u00fablicos do Estado.<\/p>\n\n\n\n<figure class=\"wp-block-image\"><img decoding=\"async\" data-src=\"https:\/\/paraibaonline.com.br\/wp-content\/uploads\/2019\/02\/Coriolano-Coutinho-800x532.jpg\" alt=\"Foto: Reprodu\u00e7\u00e3o\/Internet\" class=\"wp-image-581589 lazyload\" src=\"data:image\/svg+xml;base64,PHN2ZyB3aWR0aD0iMSIgaGVpZ2h0PSIxIiB4bWxucz0iaHR0cDovL3d3dy53My5vcmcvMjAwMC9zdmciPjwvc3ZnPg==\" style=\"--smush-placeholder-width: 800px; --smush-placeholder-aspect-ratio: 800\/532;\" \/><\/figure>\n\n\n\n<p>Foto: Reprodu\u00e7\u00e3o<\/p>\n\n\n\n<p>Coriolano Coutinho (foto) ocupava o cargo de secret\u00e1rio parlamentar e foi preso no dia 17 de dezembro durante a s\u00e9tima fase da Opera\u00e7\u00e3o Calv\u00e1rio, denominada de Ju\u00edzo Final.<\/p>\n\n\n\n<p>O ato de exonera\u00e7\u00e3o foi publicado no suplemento 245 do Boletim Administrativo da C\u00e2mara dos Deputados. Como, obviamente, n\u00e3o poderia comparecer ao trabalho, ele foi dispensado no dia 20 de dezembro.<\/p>\n","protected":false},"excerpt":{"rendered":"<p>Apesar das defesas que vem fazendo em favor do n\u00facleo socialista comandado pelo ex-governador Ricardo Coutinho, preso pela Opera\u00e7\u00e3o Calv\u00e1rio, o deputado federal Gerv\u00e1sio Maia&hellip; <\/p>\n","protected":false},"author":1,"featured_media":145574,"comment_status":"closed","ping_status":"closed","sticky":false,"template":"","format":"standard","meta":{"sfsi_plus_gutenberg_text_before_share":"","sfsi_plus_gutenberg_show_text_before_share":"","sfsi_plus_gutenberg_icon_type":"","sfsi_plus_gutenberg_icon_alignemt":"","sfsi_plus_gutenburg_max_per_row":"","footnotes":""},"categories":[11],"tags":[],"class_list":["post-145573","post","type-post","status-publish","format-standard","has-post-thumbnail","hentry","category-politica"],"_links":{"self":[{"href":"https:\/\/www.caririemacao.com\/1\/wp-json\/wp\/v2\/posts\/145573","targetHints":{"allow":["GET"]}}],"collection":[{"href":"https:\/\/www.caririemacao.com\/1\/wp-json\/wp\/v2\/posts"}],"about":[{"href":"https:\/\/www.caririemacao.com\/1\/wp-json\/wp\/v2\/types\/post"}],"author":[{"embeddable":true,"href":"https:\/\/www.caririemacao.com\/1\/wp-json\/wp\/v2\/users\/1"}],"replies":[{"embeddable":true,"href":"https:\/\/www.caririemacao.com\/1\/wp-json\/wp\/v2\/comments?post=145573"}],"version-history":[{"count":1,"href":"https:\/\/www.caririemacao.com\/1\/wp-json\/wp\/v2\/posts\/145573\/revisions"}],"predecessor-version":[{"id":145575,"href":"https:\/\/www.caririemacao.com\/1\/wp-json\/wp\/v2\/posts\/145573\/revisions\/145575"}],"wp:featuredmedia":[{"embeddable":true,"href":"https:\/\/www.caririemacao.com\/1\/wp-json\/wp\/v2\/media\/145574"}],"wp:attachment":[{"href":"https:\/\/www.caririemacao.com\/1\/wp-json\/wp\/v2\/media?parent=145573"}],"wp:term":[{"taxonomy":"category","embeddable":true,"href":"https:\/\/www.caririemacao.com\/1\/wp-json\/wp\/v2\/categories?post=145573"},{"taxonomy":"post_tag","embeddable":true,"href":"https:\/\/www.caririemacao.com\/1\/wp-json\/wp\/v2\/tags?post=145573"}],"curies":[{"name":"wp","href":"https:\/\/api.w.org\/{rel}","templated":true}]}}