{"id":145578,"date":"2020-01-09T13:37:52","date_gmt":"2020-01-09T16:37:52","guid":{"rendered":"http:\/\/www.caririemacao.com\/1\/?p=145578"},"modified":"2020-01-09T13:37:52","modified_gmt":"2020-01-09T16:37:52","slug":"matriculas-do-paraibatec-sao-prorrogadas-ate-dia-15","status":"publish","type":"post","link":"https:\/\/www.caririemacao.com\/1\/2020\/01\/09\/matriculas-do-paraibatec-sao-prorrogadas-ate-dia-15\/","title":{"rendered":"Matr\u00edculas do Para\u00edbaTec s\u00e3o prorrogadas at\u00e9 dia 15"},"content":{"rendered":"\n<p>O prazo que se acabaria ontem(08\/01) para as matr\u00edculas nos cursos dos Para\u00edbaTec foi prorrogado at\u00e9 o dia 15 de janeiro. Esse novo prazo serve para todos os munic\u00edpios que est\u00e3o oferecendo os cursos.<\/p>\n\n\n\n<p>Em Sum\u00e9, os interessados devem comparecer ao pr\u00e9dio da Escola de Ensino Integral Professor Jos\u00e9 Gon\u00e7alves de Queiroz, portando os documentos de RG, CPF, NIT OU NIS, Diploma de Conclus\u00e3o do Ensino Fundamental e comprovante de resid\u00eancia atualizado.<\/p>\n\n\n\n<p>No caso de menores de 18 anos, a inscri\u00e7\u00e3o deve ser realizada com o acompanhamento do adulto respons\u00e1vel. O atendimento acontece de segunda a sexta-feira, das 19h \u00e0s 22h.<\/p>\n\n\n\n<p>\u00c9 importante ressaltar que todos os alunos inscritos pela internet ou presencialmente dever\u00e3o comparecer para fazer a matricula. Caso contr\u00e1rio ser\u00e3o substitu\u00eddos pelos inscritos da lista de espera.<\/p>\n\n\n\n<p><strong>Not\u00edcias em Destaque<\/strong><\/p>\n","protected":false},"excerpt":{"rendered":"<p>O prazo que se acabaria ontem(08\/01) para as matr\u00edculas nos cursos dos Para\u00edbaTec foi prorrogado at\u00e9 o dia 15 de janeiro. Esse novo prazo serve&hellip; <\/p>\n","protected":false},"author":1,"featured_media":145579,"comment_status":"closed","ping_status":"closed","sticky":false,"template":"","format":"standard","meta":{"sfsi_plus_gutenberg_text_before_share":"","sfsi_plus_gutenberg_show_text_before_share":"","sfsi_plus_gutenberg_icon_type":"","sfsi_plus_gutenberg_icon_alignemt":"","sfsi_plus_gutenburg_max_per_row":"","footnotes":""},"categories":[14],"tags":[],"class_list":["post-145578","post","type-post","status-publish","format-standard","has-post-thumbnail","hentry","category-educacao"],"_links":{"self":[{"href":"https:\/\/www.caririemacao.com\/1\/wp-json\/wp\/v2\/posts\/145578","targetHints":{"allow":["GET"]}}],"collection":[{"href":"https:\/\/www.caririemacao.com\/1\/wp-json\/wp\/v2\/posts"}],"about":[{"href":"https:\/\/www.caririemacao.com\/1\/wp-json\/wp\/v2\/types\/post"}],"author":[{"embeddable":true,"href":"https:\/\/www.caririemacao.com\/1\/wp-json\/wp\/v2\/users\/1"}],"replies":[{"embeddable":true,"href":"https:\/\/www.caririemacao.com\/1\/wp-json\/wp\/v2\/comments?post=145578"}],"version-history":[{"count":1,"href":"https:\/\/www.caririemacao.com\/1\/wp-json\/wp\/v2\/posts\/145578\/revisions"}],"predecessor-version":[{"id":145580,"href":"https:\/\/www.caririemacao.com\/1\/wp-json\/wp\/v2\/posts\/145578\/revisions\/145580"}],"wp:featuredmedia":[{"embeddable":true,"href":"https:\/\/www.caririemacao.com\/1\/wp-json\/wp\/v2\/media\/145579"}],"wp:attachment":[{"href":"https:\/\/www.caririemacao.com\/1\/wp-json\/wp\/v2\/media?parent=145578"}],"wp:term":[{"taxonomy":"category","embeddable":true,"href":"https:\/\/www.caririemacao.com\/1\/wp-json\/wp\/v2\/categories?post=145578"},{"taxonomy":"post_tag","embeddable":true,"href":"https:\/\/www.caririemacao.com\/1\/wp-json\/wp\/v2\/tags?post=145578"}],"curies":[{"name":"wp","href":"https:\/\/api.w.org\/{rel}","templated":true}]}}