{"id":145584,"date":"2020-01-09T15:18:19","date_gmt":"2020-01-09T18:18:19","guid":{"rendered":"http:\/\/www.caririemacao.com\/1\/?p=145584"},"modified":"2020-01-09T15:18:19","modified_gmt":"2020-01-09T18:18:19","slug":"vice-prefeito-de-monteiro-lamenta-morte-do-pastor-gilson-feitosa","status":"publish","type":"post","link":"https:\/\/www.caririemacao.com\/1\/2020\/01\/09\/vice-prefeito-de-monteiro-lamenta-morte-do-pastor-gilson-feitosa\/","title":{"rendered":"Vice prefeito de Monteiro lamenta morte do Pastor Gilson Feitosa"},"content":{"rendered":"\n<p> O vice prefeito de Monteiro Celecileno Alves lamentou a morte do pastor Gilson Feitosa, da primeira Igreja Batista de Monteiro ocorrida na madrugada desta quinta feira, 09.<br>De acordo com o vice prefeito o Pastor prestou relevantes servi\u00e7os \u00e0 comunidade monteirense, tanto na \u00e1rea espiritual quanto social.<br>Confira:<em><br>\u201cO Pastor Gilson sempre foi um grande l\u00edder tanto espiritual, quanto nas a\u00e7\u00f5es sociais que coordenava e realizava junto \u00e1 popula\u00e7\u00e3o carente de Monteiro.<br>Nossa cidade perde muito e lamenta demais \u00e0 sua morte.<br>Nossos sentimentos \u00e0 todos da fam\u00edlia e membros da igreja\u201d<\/em><strong><br>Celecileno Alves- Vice prefeito<\/strong><\/p>\n","protected":false},"excerpt":{"rendered":"<p>O vice prefeito de Monteiro Celecileno Alves lamentou a morte do pastor Gilson Feitosa, da primeira Igreja Batista de Monteiro ocorrida na madrugada desta quinta&hellip; <\/p>\n","protected":false},"author":1,"featured_media":145585,"comment_status":"closed","ping_status":"closed","sticky":false,"template":"","format":"standard","meta":{"sfsi_plus_gutenberg_text_before_share":"","sfsi_plus_gutenberg_show_text_before_share":"","sfsi_plus_gutenberg_icon_type":"","sfsi_plus_gutenberg_icon_alignemt":"","sfsi_plus_gutenburg_max_per_row":"","footnotes":""},"categories":[2],"tags":[],"class_list":["post-145584","post","type-post","status-publish","format-standard","has-post-thumbnail","hentry","category-geral"],"_links":{"self":[{"href":"https:\/\/www.caririemacao.com\/1\/wp-json\/wp\/v2\/posts\/145584","targetHints":{"allow":["GET"]}}],"collection":[{"href":"https:\/\/www.caririemacao.com\/1\/wp-json\/wp\/v2\/posts"}],"about":[{"href":"https:\/\/www.caririemacao.com\/1\/wp-json\/wp\/v2\/types\/post"}],"author":[{"embeddable":true,"href":"https:\/\/www.caririemacao.com\/1\/wp-json\/wp\/v2\/users\/1"}],"replies":[{"embeddable":true,"href":"https:\/\/www.caririemacao.com\/1\/wp-json\/wp\/v2\/comments?post=145584"}],"version-history":[{"count":1,"href":"https:\/\/www.caririemacao.com\/1\/wp-json\/wp\/v2\/posts\/145584\/revisions"}],"predecessor-version":[{"id":145586,"href":"https:\/\/www.caririemacao.com\/1\/wp-json\/wp\/v2\/posts\/145584\/revisions\/145586"}],"wp:featuredmedia":[{"embeddable":true,"href":"https:\/\/www.caririemacao.com\/1\/wp-json\/wp\/v2\/media\/145585"}],"wp:attachment":[{"href":"https:\/\/www.caririemacao.com\/1\/wp-json\/wp\/v2\/media?parent=145584"}],"wp:term":[{"taxonomy":"category","embeddable":true,"href":"https:\/\/www.caririemacao.com\/1\/wp-json\/wp\/v2\/categories?post=145584"},{"taxonomy":"post_tag","embeddable":true,"href":"https:\/\/www.caririemacao.com\/1\/wp-json\/wp\/v2\/tags?post=145584"}],"curies":[{"name":"wp","href":"https:\/\/api.w.org\/{rel}","templated":true}]}}