{"id":145607,"date":"2020-01-10T07:36:02","date_gmt":"2020-01-10T10:36:02","guid":{"rendered":"http:\/\/www.caririemacao.com\/1\/?p=145607"},"modified":"2020-01-10T07:36:02","modified_gmt":"2020-01-10T10:36:02","slug":"der-visita-rodovia-santo-andre-parari-e-afirma-que-conserto-vai-demorar-alguns-dias","status":"publish","type":"post","link":"https:\/\/www.caririemacao.com\/1\/2020\/01\/10\/der-visita-rodovia-santo-andre-parari-e-afirma-que-conserto-vai-demorar-alguns-dias\/","title":{"rendered":"DER visita rodovia Santo Andr\u00e9 \/ Parari e afirma que conserto vai demorar alguns dias"},"content":{"rendered":"\n<p>O superintendente do Departamento de Estradas e Rodagens da Para\u00edba (DER), Carlos Pereira, visitou a situa\u00e7\u00e3o da rodovia PB-202 entre os munic\u00edpios de Santo Andr\u00e9 e Parari, ap\u00f3s as chuvas da ultima ter\u00e7a-feira (8).<\/p>\n\n\n\n<p>Carlos Pereira afirmou que a popula\u00e7\u00e3o da cidade de Santo Andr\u00e9 ter\u00e1 que se locomover temporariamente por Juazeirinho, j\u00e1 que o asfalto foi cortado em v\u00e1rios trechos.<\/p>\n\n\n\n<p>Carlos utilizou a estrada do Mucutu por Juazeirinho para chegar at\u00e9 Santo Andr\u00e9.<\/p>\n\n\n\n<p><br>Com Blog do Bruno Lira<\/p>\n","protected":false},"excerpt":{"rendered":"<p>O superintendente do Departamento de Estradas e Rodagens da Para\u00edba (DER), Carlos Pereira, visitou a situa\u00e7\u00e3o da rodovia PB-202 entre os munic\u00edpios de Santo Andr\u00e9&hellip; <\/p>\n","protected":false},"author":1,"featured_media":145609,"comment_status":"closed","ping_status":"closed","sticky":false,"template":"","format":"standard","meta":{"sfsi_plus_gutenberg_text_before_share":"","sfsi_plus_gutenberg_show_text_before_share":"","sfsi_plus_gutenberg_icon_type":"","sfsi_plus_gutenberg_icon_alignemt":"","sfsi_plus_gutenburg_max_per_row":"","footnotes":""},"categories":[6],"tags":[],"class_list":["post-145607","post","type-post","status-publish","format-standard","has-post-thumbnail","hentry","category-cidades"],"_links":{"self":[{"href":"https:\/\/www.caririemacao.com\/1\/wp-json\/wp\/v2\/posts\/145607","targetHints":{"allow":["GET"]}}],"collection":[{"href":"https:\/\/www.caririemacao.com\/1\/wp-json\/wp\/v2\/posts"}],"about":[{"href":"https:\/\/www.caririemacao.com\/1\/wp-json\/wp\/v2\/types\/post"}],"author":[{"embeddable":true,"href":"https:\/\/www.caririemacao.com\/1\/wp-json\/wp\/v2\/users\/1"}],"replies":[{"embeddable":true,"href":"https:\/\/www.caririemacao.com\/1\/wp-json\/wp\/v2\/comments?post=145607"}],"version-history":[{"count":1,"href":"https:\/\/www.caririemacao.com\/1\/wp-json\/wp\/v2\/posts\/145607\/revisions"}],"predecessor-version":[{"id":145610,"href":"https:\/\/www.caririemacao.com\/1\/wp-json\/wp\/v2\/posts\/145607\/revisions\/145610"}],"wp:featuredmedia":[{"embeddable":true,"href":"https:\/\/www.caririemacao.com\/1\/wp-json\/wp\/v2\/media\/145609"}],"wp:attachment":[{"href":"https:\/\/www.caririemacao.com\/1\/wp-json\/wp\/v2\/media?parent=145607"}],"wp:term":[{"taxonomy":"category","embeddable":true,"href":"https:\/\/www.caririemacao.com\/1\/wp-json\/wp\/v2\/categories?post=145607"},{"taxonomy":"post_tag","embeddable":true,"href":"https:\/\/www.caririemacao.com\/1\/wp-json\/wp\/v2\/tags?post=145607"}],"curies":[{"name":"wp","href":"https:\/\/api.w.org\/{rel}","templated":true}]}}