{"id":145615,"date":"2020-01-10T07:37:54","date_gmt":"2020-01-10T10:37:54","guid":{"rendered":"http:\/\/www.caririemacao.com\/1\/?p=145615"},"modified":"2020-01-10T07:37:54","modified_gmt":"2020-01-10T10:37:54","slug":"empossados-conselheiros-tutelares-de-sao-joao-do-tigre","status":"publish","type":"post","link":"https:\/\/www.caririemacao.com\/1\/2020\/01\/10\/empossados-conselheiros-tutelares-de-sao-joao-do-tigre\/","title":{"rendered":"Empossados conselheiros tutelares de S\u00e3o Jo\u00e3o do Tigre"},"content":{"rendered":"\n<p>O Conselho Municipal dos Direitos da Crian\u00e7a e do Adolescente de S\u00e3o Jo\u00e3o do Tigre empossou em Sess\u00e3o Solene, presidida pela Sr.\u00aa Ana Paula Marques, os novos Conselheiros Tutelares do munic\u00edpio para mandato de 4 anos.<br>O evento contou com a presen\u00e7a do Secret\u00e1rio de Desenvolvimento Social Elisandro de Andrade, vereadores, membros da gest\u00e3o municipal, familiares, suplentes (que tamb\u00e9m foram diplomados) e os conselheiros titulares eleitos.<br>Foram empossados como titulares para um mandato de 04 anos, os conselheiros:<br>MICHELY DE MAN\u00c9PITUCAROBSONFOFA DE PAULINONINA<br>\u201cAproveito o ensejo para desejar-lhes um mandato de muito trabalho efetivo na defesa dos Direitos das Crian\u00e7as e Adolescentes do munic\u00edpio de S\u00e3o Jo\u00e3o do Tigre\u201d, disse o secret\u00e1rio de Desenvolvimento Social Elisandro de Andrade.<br><strong>F\u00c1BIO BRITO<\/strong><\/p>\n","protected":false},"excerpt":{"rendered":"<p>O Conselho Municipal dos Direitos da Crian\u00e7a e do Adolescente de S\u00e3o Jo\u00e3o do Tigre empossou em Sess\u00e3o Solene, presidida pela Sr.\u00aa Ana Paula Marques,&hellip; <\/p>\n","protected":false},"author":1,"featured_media":145616,"comment_status":"closed","ping_status":"closed","sticky":false,"template":"","format":"standard","meta":{"sfsi_plus_gutenberg_text_before_share":"","sfsi_plus_gutenberg_show_text_before_share":"","sfsi_plus_gutenberg_icon_type":"","sfsi_plus_gutenberg_icon_alignemt":"","sfsi_plus_gutenburg_max_per_row":"","footnotes":""},"categories":[6],"tags":[],"class_list":["post-145615","post","type-post","status-publish","format-standard","has-post-thumbnail","hentry","category-cidades"],"_links":{"self":[{"href":"https:\/\/www.caririemacao.com\/1\/wp-json\/wp\/v2\/posts\/145615","targetHints":{"allow":["GET"]}}],"collection":[{"href":"https:\/\/www.caririemacao.com\/1\/wp-json\/wp\/v2\/posts"}],"about":[{"href":"https:\/\/www.caririemacao.com\/1\/wp-json\/wp\/v2\/types\/post"}],"author":[{"embeddable":true,"href":"https:\/\/www.caririemacao.com\/1\/wp-json\/wp\/v2\/users\/1"}],"replies":[{"embeddable":true,"href":"https:\/\/www.caririemacao.com\/1\/wp-json\/wp\/v2\/comments?post=145615"}],"version-history":[{"count":1,"href":"https:\/\/www.caririemacao.com\/1\/wp-json\/wp\/v2\/posts\/145615\/revisions"}],"predecessor-version":[{"id":145617,"href":"https:\/\/www.caririemacao.com\/1\/wp-json\/wp\/v2\/posts\/145615\/revisions\/145617"}],"wp:featuredmedia":[{"embeddable":true,"href":"https:\/\/www.caririemacao.com\/1\/wp-json\/wp\/v2\/media\/145616"}],"wp:attachment":[{"href":"https:\/\/www.caririemacao.com\/1\/wp-json\/wp\/v2\/media?parent=145615"}],"wp:term":[{"taxonomy":"category","embeddable":true,"href":"https:\/\/www.caririemacao.com\/1\/wp-json\/wp\/v2\/categories?post=145615"},{"taxonomy":"post_tag","embeddable":true,"href":"https:\/\/www.caririemacao.com\/1\/wp-json\/wp\/v2\/tags?post=145615"}],"curies":[{"name":"wp","href":"https:\/\/api.w.org\/{rel}","templated":true}]}}