{"id":145622,"date":"2020-01-10T07:39:34","date_gmt":"2020-01-10T10:39:34","guid":{"rendered":"http:\/\/www.caririemacao.com\/1\/?p=145622"},"modified":"2020-01-10T07:39:34","modified_gmt":"2020-01-10T10:39:34","slug":"estrutura-metalica-de-quadra-esportiva-desaba-devido-as-fortes-chuvas-em-cidade-da-pb","status":"publish","type":"post","link":"https:\/\/www.caririemacao.com\/1\/2020\/01\/10\/estrutura-metalica-de-quadra-esportiva-desaba-devido-as-fortes-chuvas-em-cidade-da-pb\/","title":{"rendered":"Estrutura met\u00e1lica de quadra esportiva desaba devido \u00e0s fortes chuvas em cidade da PB"},"content":{"rendered":"\n<p>A estrutura met\u00e1lica de uma quadra esportiva desabou na noite desta quarta-feira (8), na cidade de Patos, na Para\u00edba. O desabamento aconteceu ap\u00f3s as fortes chuvas que ca\u00edram nesta noite na cidade.<\/p>\n\n\n\n<p>A constru\u00e7\u00e3o pertence ao Projeto Centro de Inicia\u00e7\u00e3o ao Esporte (CIE) e fica localizada no bairro Monte Castelo. De acordo com informa\u00e7\u00f5es n\u00e3o houve feridos.<\/p>\n\n\n\n<p>A Prefeitura de Patos emitiu uma nota informando que tomar\u00e1 as provid\u00eancias sobre a estrutura. Ainda segundo a nota, a estrutura&nbsp;ser\u00e1 desmontada, recuperada e reinstalada.<\/p>\n\n\n\n<p>Confira a nota<\/p>\n\n\n\n<p><em>Prefeitura informa provid\u00eancias sobre estrutura met\u00e1lica do CIE<br><\/em><\/p>\n\n\n\n<p><em>Na noite desta quarta-feira, dia 08 de janeiro, a&nbsp; Prefeitura de Patos por meio da Secretaria de Infraestrutura, tomou conhecimento do que ocorreu na estrutura met\u00e1lica do Centro de Inicia\u00e7\u00e3o ao Esporte (CIE), localizado no Monte Castelo, devido aos fortes ventos e \u00e0 chuva desta noite.<\/em><\/p>\n\n\n\n<p><em>O fato \u00e9 que, segundo o engenheiro da Secretaria, Marcus Vin\u00edcius, foram colocadas tr\u00eas treli\u00e7as da coberta met\u00e1lica do CIE, e posteriormente seria executado o contraventamento (barra obl\u00edqua com os bra\u00e7os dispostos obliquamente, fixada entre dois prumos, montantes etc. de uma estrutura, para tornar mais s\u00f3lido o conjunto).&nbsp;<\/em><\/p>\n\n\n\n<p><em>Esse contraventamento estava programado para ser iniciado amanh\u00e3, por\u00e9m, os ventos que ocorreram nesta quarta levaram a estrutura a tombar, a mesma ser\u00e1 desmontada, recuperada e reinstalada.<\/em><\/p>\n\n\n\n<p><em>&nbsp;Marcus informou que a estrutura met\u00e1lica n\u00e3o chegou a desabar, tombou, envergou e ficou segura pelos pilares. Informa que a empresa respons\u00e1vel pela obra estar\u00e1 amanh\u00e3 realizando os servi\u00e7o de desmonte e recupera\u00e7\u00e3o e que o ocorrido n\u00e3o trar\u00e1 preju\u00edzo ao munic\u00edpio.<\/em><\/p>\n\n\n\n<p><em>N\u00e3o havia ningu\u00e9m no local.&nbsp;<\/em><\/p>\n\n\n\n<p><em>Click PB<\/em><\/p>\n","protected":false},"excerpt":{"rendered":"<p>A estrutura met\u00e1lica de uma quadra esportiva desabou na noite desta quarta-feira (8), na cidade de Patos, na Para\u00edba. O desabamento aconteceu ap\u00f3s as fortes&hellip; <\/p>\n","protected":false},"author":1,"featured_media":145625,"comment_status":"closed","ping_status":"closed","sticky":false,"template":"","format":"standard","meta":{"sfsi_plus_gutenberg_text_before_share":"","sfsi_plus_gutenberg_show_text_before_share":"","sfsi_plus_gutenberg_icon_type":"","sfsi_plus_gutenberg_icon_alignemt":"","sfsi_plus_gutenburg_max_per_row":"","footnotes":""},"categories":[6],"tags":[],"class_list":["post-145622","post","type-post","status-publish","format-standard","has-post-thumbnail","hentry","category-cidades"],"_links":{"self":[{"href":"https:\/\/www.caririemacao.com\/1\/wp-json\/wp\/v2\/posts\/145622","targetHints":{"allow":["GET"]}}],"collection":[{"href":"https:\/\/www.caririemacao.com\/1\/wp-json\/wp\/v2\/posts"}],"about":[{"href":"https:\/\/www.caririemacao.com\/1\/wp-json\/wp\/v2\/types\/post"}],"author":[{"embeddable":true,"href":"https:\/\/www.caririemacao.com\/1\/wp-json\/wp\/v2\/users\/1"}],"replies":[{"embeddable":true,"href":"https:\/\/www.caririemacao.com\/1\/wp-json\/wp\/v2\/comments?post=145622"}],"version-history":[{"count":1,"href":"https:\/\/www.caririemacao.com\/1\/wp-json\/wp\/v2\/posts\/145622\/revisions"}],"predecessor-version":[{"id":145626,"href":"https:\/\/www.caririemacao.com\/1\/wp-json\/wp\/v2\/posts\/145622\/revisions\/145626"}],"wp:featuredmedia":[{"embeddable":true,"href":"https:\/\/www.caririemacao.com\/1\/wp-json\/wp\/v2\/media\/145625"}],"wp:attachment":[{"href":"https:\/\/www.caririemacao.com\/1\/wp-json\/wp\/v2\/media?parent=145622"}],"wp:term":[{"taxonomy":"category","embeddable":true,"href":"https:\/\/www.caririemacao.com\/1\/wp-json\/wp\/v2\/categories?post=145622"},{"taxonomy":"post_tag","embeddable":true,"href":"https:\/\/www.caririemacao.com\/1\/wp-json\/wp\/v2\/tags?post=145622"}],"curies":[{"name":"wp","href":"https:\/\/api.w.org\/{rel}","templated":true}]}}