{"id":145629,"date":"2020-01-10T07:48:29","date_gmt":"2020-01-10T10:48:29","guid":{"rendered":"http:\/\/www.caririemacao.com\/1\/?p=145629"},"modified":"2020-01-10T07:48:29","modified_gmt":"2020-01-10T10:48:29","slug":"municipios-paraibanos-recebem-1o-repasse-de-fpm-do-ano-com-queda-de-1316","status":"publish","type":"post","link":"https:\/\/www.caririemacao.com\/1\/2020\/01\/10\/municipios-paraibanos-recebem-1o-repasse-de-fpm-do-ano-com-queda-de-1316\/","title":{"rendered":"Munic\u00edpios paraibanos recebem 1\u00ba repasse de FPM do ano com queda de 13,16%"},"content":{"rendered":"\n<p>Os munic\u00edpios paraibanos iniciaram o ano com uma not\u00edcia n\u00e3o muito boa. O primeiro repasse do Fundo de Participa\u00e7\u00e3o dos Munic\u00edpios (FPM) de 2020 ser\u00e1 feito nesta sexta-feira (10) com uma redu\u00e7\u00e3o de 10,74% em compara\u00e7\u00e3o ao montante transferido em 2019. Ao aplicar a infla\u00e7\u00e3o, o impacto negativo chega a 13,16%.<\/p>\n\n\n\n<p>A Para\u00edba receber\u00e1 um total de R$ 110.253.810,15, valor inferior aos R$ 123.440.033,32 repassados em janeiro de 2019. Do total que os 223 munic\u00edpios v\u00e3o receber, R$ 22.050.762,03 s\u00e3o do Fundeb, R$ 16.538.071,52 para sa\u00fade, R$ 1.102.538,10 para o Pasep, restando o valor l\u00edquido de R$ 70.562.438,50.<\/p>\n\n\n\n<p>A primeira parcela do FPM de janeiro \u00e9 parte da arrecada\u00e7\u00e3o dos Impostos de Renda e Sobre Produtos Industrializados (IR e IPI) obtida entre os dias 20 e 30 de dezembro. O repasse l\u00edquido para todos os munic\u00edpios brasileiros R$ 2,8 bilh\u00f5es.<\/p>\n\n\n\n<p>\u201cIniciamos o ano com uma not\u00edcia ruim, redu\u00e7\u00e3o de um recurso que j\u00e1 n\u00e3o \u00e9 suficiente para manter servi\u00e7os em nossos munic\u00edpios. Vamos pressionar a nossa bancada e iremos at\u00e9 o Congresso Nacional cobrar a vota\u00e7\u00e3o da Emenda \u00e0 Constitui\u00e7\u00e3o (PEC) 391\/2017, que aumenta em mais 1% o FPM, para garantir transfer\u00eancia adicional em setembro\u201d, disse o presidente da Famup George Coelho.<\/p>\n\n\n\n<p><strong>MaisPB<\/strong><\/p>\n","protected":false},"excerpt":{"rendered":"<p>Os munic\u00edpios paraibanos iniciaram o ano com uma not\u00edcia n\u00e3o muito boa. O primeiro repasse do Fundo de Participa\u00e7\u00e3o dos Munic\u00edpios (FPM) de 2020 ser\u00e1&hellip; <\/p>\n","protected":false},"author":1,"featured_media":68676,"comment_status":"closed","ping_status":"closed","sticky":false,"template":"","format":"standard","meta":{"sfsi_plus_gutenberg_text_before_share":"","sfsi_plus_gutenberg_show_text_before_share":"","sfsi_plus_gutenberg_icon_type":"","sfsi_plus_gutenberg_icon_alignemt":"","sfsi_plus_gutenburg_max_per_row":"","footnotes":""},"categories":[50,2],"tags":[],"class_list":["post-145629","post","type-post","status-publish","format-standard","has-post-thumbnail","hentry","category-destaque","category-geral"],"_links":{"self":[{"href":"https:\/\/www.caririemacao.com\/1\/wp-json\/wp\/v2\/posts\/145629","targetHints":{"allow":["GET"]}}],"collection":[{"href":"https:\/\/www.caririemacao.com\/1\/wp-json\/wp\/v2\/posts"}],"about":[{"href":"https:\/\/www.caririemacao.com\/1\/wp-json\/wp\/v2\/types\/post"}],"author":[{"embeddable":true,"href":"https:\/\/www.caririemacao.com\/1\/wp-json\/wp\/v2\/users\/1"}],"replies":[{"embeddable":true,"href":"https:\/\/www.caririemacao.com\/1\/wp-json\/wp\/v2\/comments?post=145629"}],"version-history":[{"count":1,"href":"https:\/\/www.caririemacao.com\/1\/wp-json\/wp\/v2\/posts\/145629\/revisions"}],"predecessor-version":[{"id":145630,"href":"https:\/\/www.caririemacao.com\/1\/wp-json\/wp\/v2\/posts\/145629\/revisions\/145630"}],"wp:featuredmedia":[{"embeddable":true,"href":"https:\/\/www.caririemacao.com\/1\/wp-json\/wp\/v2\/media\/68676"}],"wp:attachment":[{"href":"https:\/\/www.caririemacao.com\/1\/wp-json\/wp\/v2\/media?parent=145629"}],"wp:term":[{"taxonomy":"category","embeddable":true,"href":"https:\/\/www.caririemacao.com\/1\/wp-json\/wp\/v2\/categories?post=145629"},{"taxonomy":"post_tag","embeddable":true,"href":"https:\/\/www.caririemacao.com\/1\/wp-json\/wp\/v2\/tags?post=145629"}],"curies":[{"name":"wp","href":"https:\/\/api.w.org\/{rel}","templated":true}]}}