{"id":145632,"date":"2020-01-10T07:50:00","date_gmt":"2020-01-10T10:50:00","guid":{"rendered":"http:\/\/www.caririemacao.com\/1\/?p=145632"},"modified":"2020-01-10T07:50:00","modified_gmt":"2020-01-10T10:50:00","slug":"pge-aprova-regulamento-de-concurso-com-12-vagas-e-salario-de-r-15-mil","status":"publish","type":"post","link":"https:\/\/www.caririemacao.com\/1\/2020\/01\/10\/pge-aprova-regulamento-de-concurso-com-12-vagas-e-salario-de-r-15-mil\/","title":{"rendered":"PGE aprova regulamento de concurso com 12 vagas e sal\u00e1rio de R$ 15 mil"},"content":{"rendered":"\n<p>Resolu\u00e7\u00e3o publicada na edi\u00e7\u00e3o desta sexta-feira (10) do Di\u00e1rio Oficial do Estado aprova regulamento do Concurso P\u00fablico para Ingresso na Carreira de Procurador do Estado da Para\u00edba. O certame foi anunciado pelo governador Jo\u00e3o Azev\u00eado ainda no ano passado e deve ser realizado neste primeiro semestre. Ser\u00e3o ofertadas 12 vagas para procurador do estado.<\/p>\n\n\n\n<p>O regulamento elenca regras e requisitos para investida no cargo. O concurso ser\u00e1 realizado pela PGE com participa\u00e7\u00e3o da OAB-PB (Ordem dos Advogados do Brasil \u2013 Seccional Para\u00edba).<\/p>\n\n\n\n<p>O certame ser\u00e1 composto por Fase Objetiva; Fase Subjetiva, dividida em: prova dissertativa; prova pr\u00e1tica; e fase de prova de t\u00edtulos.<\/p>\n\n\n\n<p>Os candidatos precisam ser brasileiros e terem conclu\u00eddo o curso de bacharelado em Direito, em Faculdade oficial ou reconhecida no pa\u00eds.<\/p>\n\n\n\n<p>O concurso ser\u00e1 v\u00e1lido pelo prazo de dois anos, contado da data de homologa\u00e7\u00e3o, permitida sua prorroga\u00e7\u00e3o por igual per\u00edodo mediante delibera\u00e7\u00e3o do Procurador Geral do Estado.<\/p>\n\n\n\n<p>O subs\u00eddio do cargo de Procurador do Estado da Para\u00edba, de Segunda Classe (SEJ-303), \u00e9 de R$ 15.014,34.<\/p>\n\n\n\n<p><strong>MaisPB<\/strong><\/p>\n","protected":false},"excerpt":{"rendered":"<p>Resolu\u00e7\u00e3o publicada na edi\u00e7\u00e3o desta sexta-feira (10) do Di\u00e1rio Oficial do Estado aprova regulamento do Concurso P\u00fablico para Ingresso na Carreira de Procurador do Estado&hellip; <\/p>\n","protected":false},"author":1,"featured_media":145633,"comment_status":"closed","ping_status":"closed","sticky":false,"template":"","format":"standard","meta":{"sfsi_plus_gutenberg_text_before_share":"","sfsi_plus_gutenberg_show_text_before_share":"","sfsi_plus_gutenberg_icon_type":"","sfsi_plus_gutenberg_icon_alignemt":"","sfsi_plus_gutenburg_max_per_row":"","footnotes":""},"categories":[2],"tags":[],"class_list":["post-145632","post","type-post","status-publish","format-standard","has-post-thumbnail","hentry","category-geral"],"_links":{"self":[{"href":"https:\/\/www.caririemacao.com\/1\/wp-json\/wp\/v2\/posts\/145632","targetHints":{"allow":["GET"]}}],"collection":[{"href":"https:\/\/www.caririemacao.com\/1\/wp-json\/wp\/v2\/posts"}],"about":[{"href":"https:\/\/www.caririemacao.com\/1\/wp-json\/wp\/v2\/types\/post"}],"author":[{"embeddable":true,"href":"https:\/\/www.caririemacao.com\/1\/wp-json\/wp\/v2\/users\/1"}],"replies":[{"embeddable":true,"href":"https:\/\/www.caririemacao.com\/1\/wp-json\/wp\/v2\/comments?post=145632"}],"version-history":[{"count":1,"href":"https:\/\/www.caririemacao.com\/1\/wp-json\/wp\/v2\/posts\/145632\/revisions"}],"predecessor-version":[{"id":145634,"href":"https:\/\/www.caririemacao.com\/1\/wp-json\/wp\/v2\/posts\/145632\/revisions\/145634"}],"wp:featuredmedia":[{"embeddable":true,"href":"https:\/\/www.caririemacao.com\/1\/wp-json\/wp\/v2\/media\/145633"}],"wp:attachment":[{"href":"https:\/\/www.caririemacao.com\/1\/wp-json\/wp\/v2\/media?parent=145632"}],"wp:term":[{"taxonomy":"category","embeddable":true,"href":"https:\/\/www.caririemacao.com\/1\/wp-json\/wp\/v2\/categories?post=145632"},{"taxonomy":"post_tag","embeddable":true,"href":"https:\/\/www.caririemacao.com\/1\/wp-json\/wp\/v2\/tags?post=145632"}],"curies":[{"name":"wp","href":"https:\/\/api.w.org\/{rel}","templated":true}]}}