{"id":145637,"date":"2020-01-10T07:52:57","date_gmt":"2020-01-10T10:52:57","guid":{"rendered":"http:\/\/www.caririemacao.com\/1\/?p=145637"},"modified":"2020-01-10T07:52:57","modified_gmt":"2020-01-10T10:52:57","slug":"escolas-civico-militares-terao-aulas-semanais-obrigatorias-de-valores-e-atitudes","status":"publish","type":"post","link":"https:\/\/www.caririemacao.com\/1\/2020\/01\/10\/escolas-civico-militares-terao-aulas-semanais-obrigatorias-de-valores-e-atitudes\/","title":{"rendered":"Escolas c\u00edvico-militares ter\u00e3o aulas semanais obrigat\u00f3rias de &#8216;valores e atitudes&#8217;"},"content":{"rendered":"\n<p>Um dos principais projetos anunciados pelo Minist\u00e9rio da Educa\u00e7\u00e3o (MEC) no primeiro ano do governo Bolsonaro, as escolas c\u00edvico-militares ter\u00e3o ao menos um tempo semanal reservado para aulas de &#8220;desenvolvimento de valores e atitudes&#8221;, como parte do que o MEC chama de &#8220;Projeto Valores&#8221;.<\/p>\n\n\n\n<p>Segundo o minist\u00e9rio, o projeto &#8220;ir\u00e1 recomendar alguns valores a serem desenvolvidos e que podem ser ampliados pela escola&#8221;. Como sugest\u00e3o de virtudes a serem ensinadas, lista &#8220;respeito, solidariedade, responsabilidade, honestidade&#8221;.<\/p>\n\n\n\n<p>O tema foi mencionado em um e-mail da subsecretaria de Fomento \u00e0s Escolas C\u00edvico-Militares do MEC enviado \u00e0 secretaria de Educa\u00e7\u00e3o do estado de S\u00e3o Paulo. Obtido via lei de acesso \u00e0 informa\u00e7\u00e3o, o documento foi revelado pelo site Fiquem Sabendo.<\/p>\n\n\n\n<p>Questionado pelo GLOBO a respeito do Projeto Valores, o MEC afirmou que ele &#8220;estar\u00e1 sob a responsabilidade da dire\u00e7\u00e3o escolar, com a assessoria da Se\u00e7\u00e3o Psicopedagogia e do Corpo de Monitores&#8221;.<\/p>\n\n\n\n<p>&#8220;Essas atividades n\u00e3o tem um formato \u00fanico. Elas devem ocorrer pelo menos durante uma hora-aula, uma vez por semana (n\u00e3o sendo opcional) e em outras oportunidades que podem ser promovidas pela escola. N\u00e3o necessariamente devem ocorrer na sala de aula. Podem ser realizadas no p\u00e1tio, na biblioteca, numa roda de conversas etc.&#8221;, afirma a nota do minist\u00e9rio.<\/p>\n\n\n\n<p>Apesar de dar autonomia \u00e0s escolas quanto ao formato das aulas de &#8220;valores e atitudes&#8221;, o aprendizado dos alunos ser\u00e1 mensurado, segundo o MEC.<\/p>\n\n\n\n<p>&#8220;O Projeto Pol\u00edtico-Pedag\u00f3gico das Escolas C\u00edvico-Militares apresentar\u00e1 indicadores que permitir\u00e3o o monitoramento do atingimento das metas previstas para as escolas participantes do Programa. Dentre os indicadores previstos, quatro deles est\u00e3o relacionados a mensura\u00e7\u00e3o e avalia\u00e7\u00e3o do Projeto Valores&#8221;.<\/p>\n\n\n\n<p>O projeto ser\u00e1 implementado ao longo deste ano, segundo o MEC, e estar\u00e1 definido no Manual das Escolas C\u00edvico-Militares, que &#8220;est\u00e1 em revis\u00e3o final interna no MEC e ser\u00e1 divulgado em breve&#8221;.<\/p>\n\n\n\n<p><strong>Orienta\u00e7\u00e3o educacional<\/strong><br><\/p>\n\n\n\n<p>Al\u00e9m do Projeto Valores, as escolas c\u00edvico-militares tamb\u00e9m ter\u00e3o atividades de orienta\u00e7\u00e3o educacional \u2014 tendo como base, segundo o MEC, &#8220;o decreto 72.846, de 26 de setembro de 1973&#8221;.<\/p>\n\n\n\n<p>Em linhas gerais, as atividades de orienta\u00e7\u00e3o incluem, segundo o minist\u00e9rio:<\/p>\n\n\n\n<ul class=\"wp-block-list\"><li>Acompanhar os alunos com baixo rendimento escolar<\/li><li>Atuar na integra\u00e7\u00e3o fam\u00edlia-aluno-escola<\/li><li>Auxiliar os alunos a definirem os seus projetos de vida<\/li><li>Orientar os alunos a gerenciar os seus processos de aprendizagem e a cultivar m\u00e9todos e h\u00e1bitos de estudos adequados<\/li><li>Propor a\u00e7\u00f5es que permitam a adapta\u00e7\u00e3o dos alunos e professores \u00e0 escola, contribuindo para a melhoria do ambiente escolar, entre outros.<\/li><\/ul>\n","protected":false},"excerpt":{"rendered":"<p>Um dos principais projetos anunciados pelo Minist\u00e9rio da Educa\u00e7\u00e3o (MEC) no primeiro ano do governo Bolsonaro, as escolas c\u00edvico-militares ter\u00e3o ao menos um tempo semanal&hellip; <\/p>\n","protected":false},"author":1,"featured_media":145638,"comment_status":"closed","ping_status":"closed","sticky":false,"template":"","format":"standard","meta":{"sfsi_plus_gutenberg_text_before_share":"","sfsi_plus_gutenberg_show_text_before_share":"","sfsi_plus_gutenberg_icon_type":"","sfsi_plus_gutenberg_icon_alignemt":"","sfsi_plus_gutenburg_max_per_row":"","footnotes":""},"categories":[14],"tags":[],"class_list":["post-145637","post","type-post","status-publish","format-standard","has-post-thumbnail","hentry","category-educacao"],"_links":{"self":[{"href":"https:\/\/www.caririemacao.com\/1\/wp-json\/wp\/v2\/posts\/145637","targetHints":{"allow":["GET"]}}],"collection":[{"href":"https:\/\/www.caririemacao.com\/1\/wp-json\/wp\/v2\/posts"}],"about":[{"href":"https:\/\/www.caririemacao.com\/1\/wp-json\/wp\/v2\/types\/post"}],"author":[{"embeddable":true,"href":"https:\/\/www.caririemacao.com\/1\/wp-json\/wp\/v2\/users\/1"}],"replies":[{"embeddable":true,"href":"https:\/\/www.caririemacao.com\/1\/wp-json\/wp\/v2\/comments?post=145637"}],"version-history":[{"count":1,"href":"https:\/\/www.caririemacao.com\/1\/wp-json\/wp\/v2\/posts\/145637\/revisions"}],"predecessor-version":[{"id":145639,"href":"https:\/\/www.caririemacao.com\/1\/wp-json\/wp\/v2\/posts\/145637\/revisions\/145639"}],"wp:featuredmedia":[{"embeddable":true,"href":"https:\/\/www.caririemacao.com\/1\/wp-json\/wp\/v2\/media\/145638"}],"wp:attachment":[{"href":"https:\/\/www.caririemacao.com\/1\/wp-json\/wp\/v2\/media?parent=145637"}],"wp:term":[{"taxonomy":"category","embeddable":true,"href":"https:\/\/www.caririemacao.com\/1\/wp-json\/wp\/v2\/categories?post=145637"},{"taxonomy":"post_tag","embeddable":true,"href":"https:\/\/www.caririemacao.com\/1\/wp-json\/wp\/v2\/tags?post=145637"}],"curies":[{"name":"wp","href":"https:\/\/api.w.org\/{rel}","templated":true}]}}