{"id":145642,"date":"2020-01-10T07:56:30","date_gmt":"2020-01-10T10:56:30","guid":{"rendered":"http:\/\/www.caririemacao.com\/1\/?p=145642"},"modified":"2020-01-10T07:56:30","modified_gmt":"2020-01-10T10:56:30","slug":"psb-corrige-registro-oficial-e-gervasio-maia-aparece-como-presidente-do-partido-na-pb-e-marcia-como-vice","status":"publish","type":"post","link":"https:\/\/www.caririemacao.com\/1\/2020\/01\/10\/psb-corrige-registro-oficial-e-gervasio-maia-aparece-como-presidente-do-partido-na-pb-e-marcia-como-vice\/","title":{"rendered":"PSB corrige registro oficial e Gerv\u00e1sio Maia aparece como presidente do partido na PB e M\u00e1rcia como vice"},"content":{"rendered":"\n<p>O registro do PSB na Para\u00edba teve mudan\u00e7a em sua composi\u00e7\u00e3o. Saiu o nome da prefeita de Conde, M\u00e1rcia Lucena, da presid\u00eancia e entrou o nome do deputado federal Gerv\u00e1sio Maia. A mudan\u00e7a aconteceu ap\u00f3s M\u00e1rcia Lucena constar como presidente do PSB estadual e Gerv\u00e1sio como vice-presidente.<\/p>\n\n\n\n<p>A nova dire\u00e7\u00e3o do partido foi formada ap\u00f3s a sa\u00edda de Ricardo Coutinho da presid\u00eancia do PSB na Para\u00edba. Ele \u00e9 investigado na Opera\u00e7\u00e3o Calv\u00e1rio, suspeito de recebimento de propina da Cruz Vermelha em suposto esquema de desvio de dinheiro da Sa\u00fade e da Educa\u00e7\u00e3o do Estado.<\/p>\n\n\n\n<p>A nota que foi divulgada pelo partido nessa quarta-feira (8) afirmava que o deputado federal Gerv\u00e1sio Maia seria o presidente do diret\u00f3rio estadual e M\u00e1rcia seria vice. No entanto, no site do Tribunal Superior Eleitoral (TSE), o nome de Gerv\u00e1sio Maia aparecia como o de vice-presidente.<\/p>\n\n\n\n<p>Nesta quinta-feira (9) ficou constatado que houve mudan\u00e7a, sendo Gerv\u00e1sio apresentado como presidente e M\u00e1rcia como vice-presidente. Por conta da diverg\u00eancia entre os nomes divulgados na nota do partido e no site do TSE, h\u00e1 um rumor de que o nome de M\u00e1rcia Lucena tenha sido inclu\u00eddo na presid\u00eancia da legenda por engano.<\/p>\n\n\n\n<p>Outros nomes que aparecem na dire\u00e7\u00e3o do partido no site do TSE s\u00e3o o da deputada estadual Cida Ramos (secret\u00e1ria-geral), os deputados estaduais Jeov\u00e1 Campos e Buba Germano (secret\u00e1rios especiais), al\u00e9m da ex-secret\u00e1ria de Estado, Cassandra Figueiredo (primeira secret\u00e1ria) e F\u00e1bio Maia (secret\u00e1rio de Finan\u00e7as). Esses foram mantidos em suas posi\u00e7\u00f5es.<\/p>\n\n\n\n<p>A nova dire\u00e7\u00e3o ter\u00e1 um mandato com vig\u00eancia a partir desta quinta-feira e encerramento no dia 31 de dezembro deste ano.<\/p>\n\n\n\n<figure class=\"wp-block-image\"><img decoding=\"async\" data-src=\"https:\/\/www.clickpb.com.br\/media\/filer_public\/b3\/e4\/b3e4e4c5-a865-4b21-8470-ca60fa59b13e\/psb_presidencia_lista_tse.jpeg\" alt=\"\" src=\"data:image\/svg+xml;base64,PHN2ZyB3aWR0aD0iMSIgaGVpZ2h0PSIxIiB4bWxucz0iaHR0cDovL3d3dy53My5vcmcvMjAwMC9zdmciPjwvc3ZnPg==\" class=\"lazyload\" \/><\/figure>\n","protected":false},"excerpt":{"rendered":"<p>O registro do PSB na Para\u00edba teve mudan\u00e7a em sua composi\u00e7\u00e3o. Saiu o nome da prefeita de Conde, M\u00e1rcia Lucena, da presid\u00eancia e entrou o&hellip; <\/p>\n","protected":false},"author":1,"featured_media":115114,"comment_status":"closed","ping_status":"closed","sticky":false,"template":"","format":"standard","meta":{"sfsi_plus_gutenberg_text_before_share":"","sfsi_plus_gutenberg_show_text_before_share":"","sfsi_plus_gutenberg_icon_type":"","sfsi_plus_gutenberg_icon_alignemt":"","sfsi_plus_gutenburg_max_per_row":"","footnotes":""},"categories":[11],"tags":[],"class_list":["post-145642","post","type-post","status-publish","format-standard","has-post-thumbnail","hentry","category-politica"],"_links":{"self":[{"href":"https:\/\/www.caririemacao.com\/1\/wp-json\/wp\/v2\/posts\/145642","targetHints":{"allow":["GET"]}}],"collection":[{"href":"https:\/\/www.caririemacao.com\/1\/wp-json\/wp\/v2\/posts"}],"about":[{"href":"https:\/\/www.caririemacao.com\/1\/wp-json\/wp\/v2\/types\/post"}],"author":[{"embeddable":true,"href":"https:\/\/www.caririemacao.com\/1\/wp-json\/wp\/v2\/users\/1"}],"replies":[{"embeddable":true,"href":"https:\/\/www.caririemacao.com\/1\/wp-json\/wp\/v2\/comments?post=145642"}],"version-history":[{"count":1,"href":"https:\/\/www.caririemacao.com\/1\/wp-json\/wp\/v2\/posts\/145642\/revisions"}],"predecessor-version":[{"id":145644,"href":"https:\/\/www.caririemacao.com\/1\/wp-json\/wp\/v2\/posts\/145642\/revisions\/145644"}],"wp:featuredmedia":[{"embeddable":true,"href":"https:\/\/www.caririemacao.com\/1\/wp-json\/wp\/v2\/media\/115114"}],"wp:attachment":[{"href":"https:\/\/www.caririemacao.com\/1\/wp-json\/wp\/v2\/media?parent=145642"}],"wp:term":[{"taxonomy":"category","embeddable":true,"href":"https:\/\/www.caririemacao.com\/1\/wp-json\/wp\/v2\/categories?post=145642"},{"taxonomy":"post_tag","embeddable":true,"href":"https:\/\/www.caririemacao.com\/1\/wp-json\/wp\/v2\/tags?post=145642"}],"curies":[{"name":"wp","href":"https:\/\/api.w.org\/{rel}","templated":true}]}}