{"id":145647,"date":"2020-01-10T08:30:09","date_gmt":"2020-01-10T11:30:09","guid":{"rendered":"http:\/\/www.caririemacao.com\/1\/?p=145647"},"modified":"2020-01-10T08:30:09","modified_gmt":"2020-01-10T11:30:09","slug":"prefeitura-de-pedra-lavrada-inscreve-para-concurso-publico-a-partir-desta-sexta","status":"publish","type":"post","link":"https:\/\/www.caririemacao.com\/1\/2020\/01\/10\/prefeitura-de-pedra-lavrada-inscreve-para-concurso-publico-a-partir-desta-sexta\/","title":{"rendered":"Prefeitura de Pedra Lavrada inscreve para concurso p\u00fablico a partir desta sexta"},"content":{"rendered":"\n<p>A Prefeitura de Pedra Lavrada inscreve a partir desta sexta-feira (10), para o concurso p\u00fablico com 36 vagas. Os interessados poder\u00e3o se inscrever atrav\u00e9s do&nbsp;<a href=\"http:\/\/www.contemaxconsultoria.com.br\/site\/\">site da empresa organizadora do certame<\/a>.<br><a href=\"https:\/\/www.clickpb.com.br\/media\/filer_public\/03\/32\/0332bf0f-e7dd-4d5f-bed5-cce66401fb61\/edital-e-regulamento-pedra-lavrada.pdf\">Confira o edital<\/a><\/p>\n\n\n\n<p>Os sal\u00e1rios oferecidos variam entre R$ 1.039 a R$ 2.500. As taxas de inscri\u00e7\u00e3o variam de acordo com o n\u00edvel pretendido.&nbsp;<\/p>\n\n\n\n<p>H\u00e1 vagas para os cargos de: Agente Administrativo, Assistente Social, Auxiliar de Servi\u00e7os, Condutor de Ve\u00edculo de Urg\u00eancia, Enfermeiro, Lavadeira, Motorista, Odont\u00f3logo, Operador de M\u00e1quinas, Procurador Jur\u00eddico, Professor de L\u00edngua Portuguesa, Psic\u00f3logo, Psic\u00f3logo Educacional, T\u00e9cnico em Enfermagem e Vigilante.<\/p>\n\n\n\n<p>As provas acontecem no dia 08 de mar\u00e7o de 2020.<\/p>\n","protected":false},"excerpt":{"rendered":"<p>A Prefeitura de Pedra Lavrada inscreve a partir desta sexta-feira (10), para o concurso p\u00fablico com 36 vagas. Os interessados poder\u00e3o se inscrever atrav\u00e9s do&nbsp;site&hellip; <\/p>\n","protected":false},"author":1,"featured_media":145023,"comment_status":"closed","ping_status":"closed","sticky":false,"template":"","format":"standard","meta":{"sfsi_plus_gutenberg_text_before_share":"","sfsi_plus_gutenberg_show_text_before_share":"","sfsi_plus_gutenberg_icon_type":"","sfsi_plus_gutenberg_icon_alignemt":"","sfsi_plus_gutenburg_max_per_row":"","footnotes":""},"categories":[2],"tags":[],"class_list":["post-145647","post","type-post","status-publish","format-standard","has-post-thumbnail","hentry","category-geral"],"_links":{"self":[{"href":"https:\/\/www.caririemacao.com\/1\/wp-json\/wp\/v2\/posts\/145647","targetHints":{"allow":["GET"]}}],"collection":[{"href":"https:\/\/www.caririemacao.com\/1\/wp-json\/wp\/v2\/posts"}],"about":[{"href":"https:\/\/www.caririemacao.com\/1\/wp-json\/wp\/v2\/types\/post"}],"author":[{"embeddable":true,"href":"https:\/\/www.caririemacao.com\/1\/wp-json\/wp\/v2\/users\/1"}],"replies":[{"embeddable":true,"href":"https:\/\/www.caririemacao.com\/1\/wp-json\/wp\/v2\/comments?post=145647"}],"version-history":[{"count":1,"href":"https:\/\/www.caririemacao.com\/1\/wp-json\/wp\/v2\/posts\/145647\/revisions"}],"predecessor-version":[{"id":145649,"href":"https:\/\/www.caririemacao.com\/1\/wp-json\/wp\/v2\/posts\/145647\/revisions\/145649"}],"wp:featuredmedia":[{"embeddable":true,"href":"https:\/\/www.caririemacao.com\/1\/wp-json\/wp\/v2\/media\/145023"}],"wp:attachment":[{"href":"https:\/\/www.caririemacao.com\/1\/wp-json\/wp\/v2\/media?parent=145647"}],"wp:term":[{"taxonomy":"category","embeddable":true,"href":"https:\/\/www.caririemacao.com\/1\/wp-json\/wp\/v2\/categories?post=145647"},{"taxonomy":"post_tag","embeddable":true,"href":"https:\/\/www.caririemacao.com\/1\/wp-json\/wp\/v2\/tags?post=145647"}],"curies":[{"name":"wp","href":"https:\/\/api.w.org\/{rel}","templated":true}]}}