{"id":145698,"date":"2020-01-10T09:45:21","date_gmt":"2020-01-10T12:45:21","guid":{"rendered":"http:\/\/www.caririemacao.com\/1\/?p=145698"},"modified":"2020-01-10T09:45:21","modified_gmt":"2020-01-10T12:45:21","slug":"governo-inclui-tres-novos-cursos-no-programa-de-residencia-medica","status":"publish","type":"post","link":"https:\/\/www.caririemacao.com\/1\/2020\/01\/10\/governo-inclui-tres-novos-cursos-no-programa-de-residencia-medica\/","title":{"rendered":"Governo inclui tr\u00eas novos cursos no Programa de Resid\u00eancia M\u00e9dica"},"content":{"rendered":"\n<p> O Governo da Para\u00edba anuncia a inclus\u00e3o de tr\u00eas novos cursos no Programa de Resid\u00eancia M\u00e9dica. As novas especialidades foram aprovadas pela Comiss\u00e3o Nacional de Resid\u00eancias M\u00e9dicas do Minist\u00e9rio da Educa\u00e7\u00e3o e o edital ser\u00e1 lan\u00e7ado na pr\u00f3xima semana.<\/p>\n\n\n\n<p>Os programas inclusos s\u00e3o nas especialidades de Neurologia, Cardiologia e Cl\u00ednica M\u00e9dica, sendo o Hospital Metropolitano Dom Jos\u00e9 Maria Pires o hospital sede dos dois primeiros cursos, e o Hospital General Edson Ramalho a unidade sede do terceiro. Ser\u00e3o oferecidas duas vagas para cada modalidade.<\/p>\n\n\n\n<p>Para a diretora geral do Cefor, Vanessa Cintra, as novas especialidades foram pensadas para suprir a car\u00eancia de profissionais na Para\u00edba. \u201cCom essas resid\u00eancias refor\u00e7a-se, no nosso estado, a pol\u00edtica de educa\u00e7\u00e3o em sa\u00fade, uma vez que formaremos profissionais especializados para atender as necessidades da popula\u00e7\u00e3o\u201d, pontua.<\/p>\n\n\n\n<p>A diretora do Cefor afirma que as outras especialidades da Resid\u00eancia M\u00e9dica j\u00e1 est\u00e3o com inscri\u00e7\u00f5es abertas e podem ser feitas at\u00e9 o dia 20 de janeiro, no link&nbsp;<a href=\"https:\/\/forms.gle\/gNujaKeh5W4YZPni8\">https:\/\/forms.gle\/gNujaKeh5W4YZPni8<\/a>.<\/p>\n\n\n\n<p>A Resid\u00eancia M\u00e9dica constitui modalidade de ensino de p\u00f3s-gradua\u00e7\u00e3o, sob a forma de curso de especializa\u00e7\u00e3o, caracterizada por forma\u00e7\u00e3o em servi\u00e7o, destinada a m\u00e9dicos formados em escolas m\u00e9dicas reconhecidas pelo Minist\u00e9rio da Educa\u00e7\u00e3o (MEC) e m\u00e9dicos estrangeiros que preencham os requisitos exigidos no Manual da Resid\u00eancia e na Legisla\u00e7\u00e3o Brasileira, com diploma devidamente revalidado.<\/p>\n\n\n\n<p>Vanessa Cintra lembra ainda do Programa de Resid\u00eancias multi e uniprofissional que tamb\u00e9m est\u00e3o com inscri\u00e7\u00f5es abertas at\u00e9 o dia 20 de janeiro, no link&nbsp;<a href=\"https:\/\/forms.gle\/o2TJm12RC22sk2i57\">https:\/\/forms.gle\/o2TJm12RC22sk2i57<\/a>. O edital completo dos programas pode ser acessado no site oficial do Governo da Para\u00edba, no link&nbsp;<a href=\"https:\/\/paraiba.pb.gov.br\/diretas\/secretaria-da-saude\/editais-e-licitacoes\">https:\/\/paraiba.pb.gov.br\/diretas\/secretaria-da-saude\/editais-e-licitacoes<\/a>.<\/p>\n","protected":false},"excerpt":{"rendered":"<p>O Governo da Para\u00edba anuncia a inclus\u00e3o de tr\u00eas novos cursos no Programa de Resid\u00eancia M\u00e9dica. As novas especialidades foram aprovadas pela Comiss\u00e3o Nacional de&hellip; <\/p>\n","protected":false},"author":1,"featured_media":145700,"comment_status":"closed","ping_status":"closed","sticky":false,"template":"","format":"standard","meta":{"sfsi_plus_gutenberg_text_before_share":"","sfsi_plus_gutenberg_show_text_before_share":"","sfsi_plus_gutenberg_icon_type":"","sfsi_plus_gutenberg_icon_alignemt":"","sfsi_plus_gutenburg_max_per_row":"","footnotes":""},"categories":[11],"tags":[],"class_list":["post-145698","post","type-post","status-publish","format-standard","has-post-thumbnail","hentry","category-politica"],"_links":{"self":[{"href":"https:\/\/www.caririemacao.com\/1\/wp-json\/wp\/v2\/posts\/145698","targetHints":{"allow":["GET"]}}],"collection":[{"href":"https:\/\/www.caririemacao.com\/1\/wp-json\/wp\/v2\/posts"}],"about":[{"href":"https:\/\/www.caririemacao.com\/1\/wp-json\/wp\/v2\/types\/post"}],"author":[{"embeddable":true,"href":"https:\/\/www.caririemacao.com\/1\/wp-json\/wp\/v2\/users\/1"}],"replies":[{"embeddable":true,"href":"https:\/\/www.caririemacao.com\/1\/wp-json\/wp\/v2\/comments?post=145698"}],"version-history":[{"count":1,"href":"https:\/\/www.caririemacao.com\/1\/wp-json\/wp\/v2\/posts\/145698\/revisions"}],"predecessor-version":[{"id":145701,"href":"https:\/\/www.caririemacao.com\/1\/wp-json\/wp\/v2\/posts\/145698\/revisions\/145701"}],"wp:featuredmedia":[{"embeddable":true,"href":"https:\/\/www.caririemacao.com\/1\/wp-json\/wp\/v2\/media\/145700"}],"wp:attachment":[{"href":"https:\/\/www.caririemacao.com\/1\/wp-json\/wp\/v2\/media?parent=145698"}],"wp:term":[{"taxonomy":"category","embeddable":true,"href":"https:\/\/www.caririemacao.com\/1\/wp-json\/wp\/v2\/categories?post=145698"},{"taxonomy":"post_tag","embeddable":true,"href":"https:\/\/www.caririemacao.com\/1\/wp-json\/wp\/v2\/tags?post=145698"}],"curies":[{"name":"wp","href":"https:\/\/api.w.org\/{rel}","templated":true}]}}