{"id":145719,"date":"2020-01-10T09:55:13","date_gmt":"2020-01-10T12:55:13","guid":{"rendered":"http:\/\/www.caririemacao.com\/1\/?p=145719"},"modified":"2020-01-10T09:55:13","modified_gmt":"2020-01-10T12:55:13","slug":"inflacao-oficial-fecha-2019-em-431","status":"publish","type":"post","link":"https:\/\/www.caririemacao.com\/1\/2020\/01\/10\/inflacao-oficial-fecha-2019-em-431\/","title":{"rendered":"Infla\u00e7\u00e3o oficial fecha 2019 em 4,31%"},"content":{"rendered":"\n<p>A infla\u00e7\u00e3o oficial, medida pelo \u00cdndice Nacional de Pre\u00e7os ao Consumidor Amplo (IPCA), fechou o ano de 2019 em 4,31%. A taxa \u00e9 superior aos 3,75% observados em 2018, segundo dados divulgados&nbsp;hoje&nbsp;(10) pelo Instituto Brasileiro Geografia e Estat\u00edstica (IBGE).<\/p>\n\n\n\n<p>A taxa tamb\u00e9m ficou acima do centro da meta de infla\u00e7\u00e3o, estipulada pelo Banco Central para 2019: 4,25%.<\/p>\n\n\n\n<p>Em dezembro, o IPCA ficou em 1,15%, acima do 0,51% de novembro e do 0,15% de dezembro do ano anterior. Esse \u00e9 o maior resultado para o m\u00eas desde 2002 (2,10%).<\/p>\n\n\n\n<p>Com taxa de 1,54%, os transportes tamb\u00e9m tiveram impacto importante no IPCA de dezembro, com destaque para a alta de pre\u00e7os de 3,36% da gasolina no per\u00edodo.<\/p>\n","protected":false},"excerpt":{"rendered":"<p>A infla\u00e7\u00e3o oficial, medida pelo \u00cdndice Nacional de Pre\u00e7os ao Consumidor Amplo (IPCA), fechou o ano de 2019 em 4,31%. A taxa \u00e9 superior aos&hellip; <\/p>\n","protected":false},"author":1,"featured_media":9677,"comment_status":"closed","ping_status":"closed","sticky":false,"template":"","format":"standard","meta":{"sfsi_plus_gutenberg_text_before_share":"","sfsi_plus_gutenberg_show_text_before_share":"","sfsi_plus_gutenberg_icon_type":"","sfsi_plus_gutenberg_icon_alignemt":"","sfsi_plus_gutenburg_max_per_row":"","footnotes":""},"categories":[2],"tags":[],"class_list":["post-145719","post","type-post","status-publish","format-standard","has-post-thumbnail","hentry","category-geral"],"_links":{"self":[{"href":"https:\/\/www.caririemacao.com\/1\/wp-json\/wp\/v2\/posts\/145719","targetHints":{"allow":["GET"]}}],"collection":[{"href":"https:\/\/www.caririemacao.com\/1\/wp-json\/wp\/v2\/posts"}],"about":[{"href":"https:\/\/www.caririemacao.com\/1\/wp-json\/wp\/v2\/types\/post"}],"author":[{"embeddable":true,"href":"https:\/\/www.caririemacao.com\/1\/wp-json\/wp\/v2\/users\/1"}],"replies":[{"embeddable":true,"href":"https:\/\/www.caririemacao.com\/1\/wp-json\/wp\/v2\/comments?post=145719"}],"version-history":[{"count":1,"href":"https:\/\/www.caririemacao.com\/1\/wp-json\/wp\/v2\/posts\/145719\/revisions"}],"predecessor-version":[{"id":145720,"href":"https:\/\/www.caririemacao.com\/1\/wp-json\/wp\/v2\/posts\/145719\/revisions\/145720"}],"wp:featuredmedia":[{"embeddable":true,"href":"https:\/\/www.caririemacao.com\/1\/wp-json\/wp\/v2\/media\/9677"}],"wp:attachment":[{"href":"https:\/\/www.caririemacao.com\/1\/wp-json\/wp\/v2\/media?parent=145719"}],"wp:term":[{"taxonomy":"category","embeddable":true,"href":"https:\/\/www.caririemacao.com\/1\/wp-json\/wp\/v2\/categories?post=145719"},{"taxonomy":"post_tag","embeddable":true,"href":"https:\/\/www.caririemacao.com\/1\/wp-json\/wp\/v2\/tags?post=145719"}],"curies":[{"name":"wp","href":"https:\/\/api.w.org\/{rel}","templated":true}]}}