{"id":145745,"date":"2020-01-10T10:48:26","date_gmt":"2020-01-10T13:48:26","guid":{"rendered":"http:\/\/www.caririemacao.com\/1\/?p=145745"},"modified":"2020-01-10T10:50:38","modified_gmt":"2020-01-10T13:50:38","slug":"prefeita-de-ouro-velho-assina-ordem-de-servico-para-a-construcao-da-adutora-do-sitio-jose-alves","status":"publish","type":"post","link":"https:\/\/www.caririemacao.com\/1\/2020\/01\/10\/prefeita-de-ouro-velho-assina-ordem-de-servico-para-a-construcao-da-adutora-do-sitio-jose-alves\/","title":{"rendered":"Prefeita de Ouro Velho assina ordem de servi\u00e7o para a constru\u00e7\u00e3o da adutora do s\u00edtio Jos\u00e9 Alves"},"content":{"rendered":"\n<p>A prefeita de Ouro Velho,&nbsp;<strong>Nat\u00e1lia de Dr J\u00fanior<\/strong>, assinou, a Ordem de Servi\u00e7o para constru\u00e7\u00e3o de mais uma adutora, que ir\u00e1 ampliar o abastecimento d\u2019\u00e1gua na zona rural do munic\u00edpio. De acordo com a chefe do executivo, a obra ser\u00e1 realizada com recursos pr\u00f3prios. A adutora ser\u00e1 constru\u00edda no s\u00edtio Jos\u00e9 Alves.<\/p>\n\n\n\n<p>\u201cEssa nova adutora, \u00e9 o resultado do esfor\u00e7o de uma administra\u00e7\u00e3o que tem estabilidade financeira e gest\u00e3o fiscal; A adutora vai garantir um abastecimento de qualidade, dando mais seguran\u00e7a h\u00eddrica ao povo de Ouro Velho\u201d, disse a prefeita.<\/p>\n\n\n\n<p>O l\u00edder pol\u00edtico,<strong>&nbsp;Dr J\u00fanior<\/strong>, destacou a import\u00e2ncia da obra que tem como objetivo garantir a seguran\u00e7a h\u00eddrica da regi\u00e3o.<\/p>\n\n\n\n<p>\u201cA nova adutora vai trazer uma maior seguran\u00e7a h\u00eddrica para popula\u00e7\u00e3o, sobretudo, para regi\u00e3o do Jos\u00e9 Alves, que sofre bastante quando chega o per\u00edodo de estiagem. A gest\u00e3o da prefeita Nat\u00e1lia est\u00e1 sempre buscando a melhoria de vida do nosso povo, por isso, acolhemos o pedido da comunidade e faremos de tudo para agilizar o mais r\u00e1pido poss\u00edvel a realiza\u00e7\u00e3o dessa obra. Por fim, parabenizo a todos que fazem a gest\u00e3o municipal por se esfor\u00e7arem cada vez mais, e atrav\u00e9s desse esfor\u00e7o, desse trabalho em equipe, estamos conseguindo fazer v\u00e1rias obras com recursos pr\u00f3prios\u201d, declarou Dr J\u00fanior.<\/p>\n\n\n\n<p><\/p>\n\n\n\n<p>Pol\u00edtica Parahyba<\/p>\n","protected":false},"excerpt":{"rendered":"<p>A prefeita de Ouro Velho,&nbsp;Nat\u00e1lia de Dr J\u00fanior, assinou, a Ordem de Servi\u00e7o para constru\u00e7\u00e3o de mais uma adutora, que ir\u00e1 ampliar o abastecimento d\u2019\u00e1gua&hellip; <\/p>\n","protected":false},"author":1,"featured_media":43402,"comment_status":"closed","ping_status":"closed","sticky":false,"template":"","format":"standard","meta":{"sfsi_plus_gutenberg_text_before_share":"","sfsi_plus_gutenberg_show_text_before_share":"","sfsi_plus_gutenberg_icon_type":"","sfsi_plus_gutenberg_icon_alignemt":"","sfsi_plus_gutenburg_max_per_row":"","footnotes":""},"categories":[6],"tags":[],"class_list":["post-145745","post","type-post","status-publish","format-standard","has-post-thumbnail","hentry","category-cidades"],"_links":{"self":[{"href":"https:\/\/www.caririemacao.com\/1\/wp-json\/wp\/v2\/posts\/145745","targetHints":{"allow":["GET"]}}],"collection":[{"href":"https:\/\/www.caririemacao.com\/1\/wp-json\/wp\/v2\/posts"}],"about":[{"href":"https:\/\/www.caririemacao.com\/1\/wp-json\/wp\/v2\/types\/post"}],"author":[{"embeddable":true,"href":"https:\/\/www.caririemacao.com\/1\/wp-json\/wp\/v2\/users\/1"}],"replies":[{"embeddable":true,"href":"https:\/\/www.caririemacao.com\/1\/wp-json\/wp\/v2\/comments?post=145745"}],"version-history":[{"count":2,"href":"https:\/\/www.caririemacao.com\/1\/wp-json\/wp\/v2\/posts\/145745\/revisions"}],"predecessor-version":[{"id":145751,"href":"https:\/\/www.caririemacao.com\/1\/wp-json\/wp\/v2\/posts\/145745\/revisions\/145751"}],"wp:featuredmedia":[{"embeddable":true,"href":"https:\/\/www.caririemacao.com\/1\/wp-json\/wp\/v2\/media\/43402"}],"wp:attachment":[{"href":"https:\/\/www.caririemacao.com\/1\/wp-json\/wp\/v2\/media?parent=145745"}],"wp:term":[{"taxonomy":"category","embeddable":true,"href":"https:\/\/www.caririemacao.com\/1\/wp-json\/wp\/v2\/categories?post=145745"},{"taxonomy":"post_tag","embeddable":true,"href":"https:\/\/www.caririemacao.com\/1\/wp-json\/wp\/v2\/tags?post=145745"}],"curies":[{"name":"wp","href":"https:\/\/api.w.org\/{rel}","templated":true}]}}