{"id":145762,"date":"2020-01-10T12:08:33","date_gmt":"2020-01-10T15:08:33","guid":{"rendered":"http:\/\/www.caririemacao.com\/1\/?p=145762"},"modified":"2020-01-10T12:08:33","modified_gmt":"2020-01-10T15:08:33","slug":"fenomeno-da-natureza-nuvem-em-formado-de-uma-mao-e-vista-nos-ceus-do-cariri-e-imagem-viraliza-na-internet","status":"publish","type":"post","link":"https:\/\/www.caririemacao.com\/1\/2020\/01\/10\/fenomeno-da-natureza-nuvem-em-formado-de-uma-mao-e-vista-nos-ceus-do-cariri-e-imagem-viraliza-na-internet\/","title":{"rendered":"FEN\u00d4MENO DA NATUREZA: Nuvem em formado de uma m\u00e3o \u00e9 vista nos c\u00e9us do Cariri e imagem viraliza na internet"},"content":{"rendered":"\n<p>Uma nuvem em formato de uma m\u00e3o foi vista pela popula\u00e7\u00e3o dos munic\u00edpios de Assun\u00e7\u00e3o, no Cariri, e tamb\u00e9m no munic\u00edpio de Juazeirinho.<\/p>\n\n\n\n<p>O fen\u00f4meno foi fotografado por moradores pouco antes da \u2018m\u00e3o\u2019 se desfazer. A imagem curiosa foi postada em redes sociais por v\u00e1rios moradores e teve centenas de compartilhamentos.<\/p>\n\n\n\n<div class=\"wp-block-image\"><figure class=\"aligncenter\"><img decoding=\"async\" data-src=\"http:\/\/deolhonocariri.com.br\/wp-content\/uploads\/2020\/01\/nuvem-6.jpg\" alt=\"\" class=\"wp-image-76301 lazyload\" src=\"data:image\/svg+xml;base64,PHN2ZyB3aWR0aD0iMSIgaGVpZ2h0PSIxIiB4bWxucz0iaHR0cDovL3d3dy53My5vcmcvMjAwMC9zdmciPjwvc3ZnPg==\" \/><\/figure><\/div>\n\n\n\n<p><br>Nos coment\u00e1rios, muitos internautas exclamam se tratar da \u201cm\u00e3o\u201d de Deus sob a regi\u00e3o e celebram o fen\u00f4meno verificado.<\/p>\n\n\n\n<p>\u201cNossa que lindo que a m\u00e3o do Senhor esteja sempre estendida por n\u00f3s\u201d, relatou um dos internautas.<\/p>\n\n\n\n<p><strong>De Olho no Cariri<\/strong><\/p>\n","protected":false},"excerpt":{"rendered":"<p>Uma nuvem em formato de uma m\u00e3o foi vista pela popula\u00e7\u00e3o dos munic\u00edpios de Assun\u00e7\u00e3o, no Cariri, e tamb\u00e9m no munic\u00edpio de Juazeirinho. O fen\u00f4meno&hellip; <\/p>\n","protected":false},"author":1,"featured_media":145763,"comment_status":"closed","ping_status":"closed","sticky":false,"template":"","format":"standard","meta":{"sfsi_plus_gutenberg_text_before_share":"","sfsi_plus_gutenberg_show_text_before_share":"","sfsi_plus_gutenberg_icon_type":"","sfsi_plus_gutenberg_icon_alignemt":"","sfsi_plus_gutenburg_max_per_row":"","footnotes":""},"categories":[50],"tags":[],"class_list":["post-145762","post","type-post","status-publish","format-standard","has-post-thumbnail","hentry","category-destaque"],"_links":{"self":[{"href":"https:\/\/www.caririemacao.com\/1\/wp-json\/wp\/v2\/posts\/145762","targetHints":{"allow":["GET"]}}],"collection":[{"href":"https:\/\/www.caririemacao.com\/1\/wp-json\/wp\/v2\/posts"}],"about":[{"href":"https:\/\/www.caririemacao.com\/1\/wp-json\/wp\/v2\/types\/post"}],"author":[{"embeddable":true,"href":"https:\/\/www.caririemacao.com\/1\/wp-json\/wp\/v2\/users\/1"}],"replies":[{"embeddable":true,"href":"https:\/\/www.caririemacao.com\/1\/wp-json\/wp\/v2\/comments?post=145762"}],"version-history":[{"count":1,"href":"https:\/\/www.caririemacao.com\/1\/wp-json\/wp\/v2\/posts\/145762\/revisions"}],"predecessor-version":[{"id":145764,"href":"https:\/\/www.caririemacao.com\/1\/wp-json\/wp\/v2\/posts\/145762\/revisions\/145764"}],"wp:featuredmedia":[{"embeddable":true,"href":"https:\/\/www.caririemacao.com\/1\/wp-json\/wp\/v2\/media\/145763"}],"wp:attachment":[{"href":"https:\/\/www.caririemacao.com\/1\/wp-json\/wp\/v2\/media?parent=145762"}],"wp:term":[{"taxonomy":"category","embeddable":true,"href":"https:\/\/www.caririemacao.com\/1\/wp-json\/wp\/v2\/categories?post=145762"},{"taxonomy":"post_tag","embeddable":true,"href":"https:\/\/www.caririemacao.com\/1\/wp-json\/wp\/v2\/tags?post=145762"}],"curies":[{"name":"wp","href":"https:\/\/api.w.org\/{rel}","templated":true}]}}