{"id":145956,"date":"2020-01-11T08:41:20","date_gmt":"2020-01-11T11:41:20","guid":{"rendered":"http:\/\/www.caririemacao.com\/1\/?p=145956"},"modified":"2020-01-11T08:41:20","modified_gmt":"2020-01-11T11:41:20","slug":"ivan-burity-confirma-movimentacao-de-propina-no-hangar-do-governo","status":"publish","type":"post","link":"https:\/\/www.caririemacao.com\/1\/2020\/01\/11\/ivan-burity-confirma-movimentacao-de-propina-no-hangar-do-governo\/","title":{"rendered":"Ivan Burity confirma movimenta\u00e7\u00e3o de \u2018propina\u2019 no hangar do Governo"},"content":{"rendered":"\n<p>Em dela\u00e7\u00e3o premiada para o Minist\u00e9rio P\u00fablico da Para\u00edba (MPPB), o ex-secret\u00e1rio estadual de Turismo, Ivan Burity, confirma que tinha a fun\u00e7\u00e3o de transportar propina.<\/p>\n\n\n\n<p>O dinheiro seria utilizado para a campanha eleitoral de 2014.<\/p>\n\n\n\n<p>O ex-secret\u00e1rio relata ter buscado dinheiro junto a empresas no munic\u00edpio de Curitiba, capital do Paran\u00e1 (PR), bem como no munic\u00edpio de Fortaleza, capital do Cear\u00e1 (CE).<\/p>\n\n\n\n<p>Na capital do Paran\u00e1, as investiga\u00e7\u00f5es apontam que o ex-secret\u00e1rio trouxe para a Para\u00edba aproximadamente R$ 800 mil. J\u00e1 de Fortaleza, ele relata ter trazido R$ 1 milh\u00e3o.<\/p>\n\n\n\n<p>O transporte era feito por voo fretado.<\/p>\n\n\n\n<p>O ex-secret\u00e1rio diz que a movimenta\u00e7\u00e3o da propina aconteceu no hangar do Governo do Estado, pois no local n\u00e3o havia nem fiscaliza\u00e7\u00e3o nem abordagem oficial.<\/p>\n\n\n\n<p>O Hangar do Governo da Para\u00edba est\u00e1 situado no aeroporto Castro Pinto, na Grande Jo\u00e3o Pessoa. Um hangar \u00e9 um galp\u00e3o utilizado para se estacionar as aeronaves.<\/p>\n\n\n\n<p>O depoimento de Ivan Burity combina com o da&nbsp;<a href=\"https:\/\/paraibaonline.com.br\/2020\/01\/delacao-o-papel-de-ivan-burity-no-esquema-revelado-pela-calvario\/\">ex-secret\u00e1ria de Administra\u00e7\u00e3o, Liv\u00e2nia Farias<\/a>, que tamb\u00e9m \u00e9 investigada no \u00e2mbito da Opera\u00e7\u00e3o Calv\u00e1rio.<\/p>\n\n\n\n<p>A 1\u00aa fase da Opera\u00e7\u00e3o Calv\u00e1rio foi desencadeada no m\u00eas de dezembro de 2018, quando foi revelado um esquema de desvio de recursos p\u00fablicos nas \u00e1reas da Sa\u00fade e da Educa\u00e7\u00e3o.<\/p>\n\n\n\n<p>* Com informa\u00e7\u00f5es da TV Para\u00edba<\/p>\n","protected":false},"excerpt":{"rendered":"<p>Em dela\u00e7\u00e3o premiada para o Minist\u00e9rio P\u00fablico da Para\u00edba (MPPB), o ex-secret\u00e1rio estadual de Turismo, Ivan Burity, confirma que tinha a fun\u00e7\u00e3o de transportar propina.&hellip; <\/p>\n","protected":false},"author":1,"featured_media":4427,"comment_status":"closed","ping_status":"closed","sticky":false,"template":"","format":"standard","meta":{"sfsi_plus_gutenberg_text_before_share":"","sfsi_plus_gutenberg_show_text_before_share":"","sfsi_plus_gutenberg_icon_type":"","sfsi_plus_gutenberg_icon_alignemt":"","sfsi_plus_gutenburg_max_per_row":"","footnotes":""},"categories":[2],"tags":[],"class_list":["post-145956","post","type-post","status-publish","format-standard","has-post-thumbnail","hentry","category-geral"],"_links":{"self":[{"href":"https:\/\/www.caririemacao.com\/1\/wp-json\/wp\/v2\/posts\/145956","targetHints":{"allow":["GET"]}}],"collection":[{"href":"https:\/\/www.caririemacao.com\/1\/wp-json\/wp\/v2\/posts"}],"about":[{"href":"https:\/\/www.caririemacao.com\/1\/wp-json\/wp\/v2\/types\/post"}],"author":[{"embeddable":true,"href":"https:\/\/www.caririemacao.com\/1\/wp-json\/wp\/v2\/users\/1"}],"replies":[{"embeddable":true,"href":"https:\/\/www.caririemacao.com\/1\/wp-json\/wp\/v2\/comments?post=145956"}],"version-history":[{"count":1,"href":"https:\/\/www.caririemacao.com\/1\/wp-json\/wp\/v2\/posts\/145956\/revisions"}],"predecessor-version":[{"id":145958,"href":"https:\/\/www.caririemacao.com\/1\/wp-json\/wp\/v2\/posts\/145956\/revisions\/145958"}],"wp:featuredmedia":[{"embeddable":true,"href":"https:\/\/www.caririemacao.com\/1\/wp-json\/wp\/v2\/media\/4427"}],"wp:attachment":[{"href":"https:\/\/www.caririemacao.com\/1\/wp-json\/wp\/v2\/media?parent=145956"}],"wp:term":[{"taxonomy":"category","embeddable":true,"href":"https:\/\/www.caririemacao.com\/1\/wp-json\/wp\/v2\/categories?post=145956"},{"taxonomy":"post_tag","embeddable":true,"href":"https:\/\/www.caririemacao.com\/1\/wp-json\/wp\/v2\/tags?post=145956"}],"curies":[{"name":"wp","href":"https:\/\/api.w.org\/{rel}","templated":true}]}}