{"id":145971,"date":"2020-01-11T08:47:46","date_gmt":"2020-01-11T11:47:46","guid":{"rendered":"http:\/\/www.caririemacao.com\/1\/?p=145971"},"modified":"2020-01-11T08:47:46","modified_gmt":"2020-01-11T11:47:46","slug":"bota-pb-e-campinense-estreiam-em-dias-diferentes-na-copa-do-brasil-2020","status":"publish","type":"post","link":"https:\/\/www.caririemacao.com\/1\/2020\/01\/11\/bota-pb-e-campinense-estreiam-em-dias-diferentes-na-copa-do-brasil-2020\/","title":{"rendered":"Bota-PB e Campinense estreiam em dias diferentes na Copa do Brasil 2020"},"content":{"rendered":"\n<p> Representantes da Para\u00edba na Copa do Brasil pelo segundo ano consecutivo, Botafogo-PB e Campinense conheceram no in\u00edcio da noite desta sexta-feira (10) as datas e hor\u00e1rios dos seus jogos na primeira fase do torneio nacional.<\/p>\n\n\n\n<figure class=\"wp-block-image\"><img decoding=\"async\" data-src=\"https:\/\/paraibaonline.com.br\/wp-content\/uploads\/2017\/01\/CopaDoBrasil.jpg\" alt=\"Para\u00edba Online \u2022 Bota-PB e Campinense estreiam em dias diferentes na Copa do Brasil 2020\" class=\"wp-image-114133 lazyload\" src=\"data:image\/svg+xml;base64,PHN2ZyB3aWR0aD0iMSIgaGVpZ2h0PSIxIiB4bWxucz0iaHR0cDovL3d3dy53My5vcmcvMjAwMC9zdmciPjwvc3ZnPg==\" \/><\/figure>\n\n\n\n<p>Foto: CBF<\/p>\n\n\n\n<p>O certame ter\u00e1 in\u00edcio no dia 5 de fevereiro, uma quarta-feira, quando o Belo, atual tricampe\u00e3o estadual, vai at\u00e9 Alagoinhas, no interior da Bahia, para enfrentar o Atl\u00e9tico-BA.<\/p>\n\n\n\n<p>A partida da equipe pessoense est\u00e1 marcada para as 20h30, no est\u00e1dio Carneir\u00e3o.<\/p>\n\n\n\n<p>J\u00e1 a Raposa s\u00f3 estreia na outra quarta, dia 12, em casa. O Rubro-Negro recebe o Atl\u00e9tico Mineiro, \u00e0s 21h30, no Amig\u00e3o.<\/p>\n\n\n\n<p>Atual campe\u00e3o, o Athletico entra na Copa do Brasil 2020 a partir das oitavas de final.<\/p>\n\n\n\n<p>Tamb\u00e9m entrar\u00e3o direto nas oitavas os clubes que v\u00e3o disputar a Libertadores (Flamengo, Palmeiras, Gr\u00eamio, Santos, S\u00e3o Paulo, Corinthians e Internacional), o RB Bragantino (campe\u00e3o da S\u00e9rie B do Brasileiro), o Cuiab\u00e1 (campe\u00e3o da Copa Verde) e o Fortaleza (campe\u00e3o da Copa do Nordeste).<\/p>\n\n\n\n<p><strong>As oito fases da competi\u00e7\u00e3o ser\u00e3o distribu\u00eddas nas seguintes datas:<\/strong><\/p>\n\n\n\n<p><strong>1\u00aa fase:<\/strong>&nbsp;05\/05 e 12\/02<\/p>\n\n\n\n<p><strong>2\u00aa fase<\/strong>: 19\/02, 26\/02 e 04\/03<\/p>\n\n\n\n<p><strong>3\u00aa fase:<\/strong>&nbsp;11\/03 e 18\/03<\/p>\n\n\n\n<p><strong>4\u00aa fase:<\/strong>&nbsp;08\/04 e 15\/04<\/p>\n\n\n\n<p><strong>5\u00aa fase<\/strong>: 29\/04, 13\/05, 20\/05 e 27\/05<\/p>\n\n\n\n<p><strong>6\u00aa fase<\/strong>: 15\/07 e 26\/07<\/p>\n\n\n\n<p><strong>7\u00aa fase:<\/strong>&nbsp;05\/08 e 12\/8<\/p>\n\n\n\n<p><strong>8\u00aa fase:<\/strong>&nbsp;10\/09 e 16\/09<\/p>\n\n\n\n<p>Baixe a&nbsp;<a href=\"https:\/\/paraibaonline.com.br\/wp-content\/uploads\/2020\/01\/Tabela-Detalhada-da-Primeira-Fase-da-Copa-do-Brasil-2020.pdf\">Tabela Detalhada da Primeira Fase da Copa do Brasil 2020<\/a>, divulgada nesta sexta-feira pela CBF.<\/p>\n","protected":false},"excerpt":{"rendered":"<p>Representantes da Para\u00edba na Copa do Brasil pelo segundo ano consecutivo, Botafogo-PB e Campinense conheceram no in\u00edcio da noite desta sexta-feira (10) as datas e&hellip; <\/p>\n","protected":false},"author":1,"featured_media":145973,"comment_status":"closed","ping_status":"closed","sticky":false,"template":"","format":"standard","meta":{"sfsi_plus_gutenberg_text_before_share":"","sfsi_plus_gutenberg_show_text_before_share":"","sfsi_plus_gutenberg_icon_type":"","sfsi_plus_gutenberg_icon_alignemt":"","sfsi_plus_gutenburg_max_per_row":"","footnotes":""},"categories":[13],"tags":[],"class_list":["post-145971","post","type-post","status-publish","format-standard","has-post-thumbnail","hentry","category-esportes"],"_links":{"self":[{"href":"https:\/\/www.caririemacao.com\/1\/wp-json\/wp\/v2\/posts\/145971","targetHints":{"allow":["GET"]}}],"collection":[{"href":"https:\/\/www.caririemacao.com\/1\/wp-json\/wp\/v2\/posts"}],"about":[{"href":"https:\/\/www.caririemacao.com\/1\/wp-json\/wp\/v2\/types\/post"}],"author":[{"embeddable":true,"href":"https:\/\/www.caririemacao.com\/1\/wp-json\/wp\/v2\/users\/1"}],"replies":[{"embeddable":true,"href":"https:\/\/www.caririemacao.com\/1\/wp-json\/wp\/v2\/comments?post=145971"}],"version-history":[{"count":1,"href":"https:\/\/www.caririemacao.com\/1\/wp-json\/wp\/v2\/posts\/145971\/revisions"}],"predecessor-version":[{"id":145974,"href":"https:\/\/www.caririemacao.com\/1\/wp-json\/wp\/v2\/posts\/145971\/revisions\/145974"}],"wp:featuredmedia":[{"embeddable":true,"href":"https:\/\/www.caririemacao.com\/1\/wp-json\/wp\/v2\/media\/145973"}],"wp:attachment":[{"href":"https:\/\/www.caririemacao.com\/1\/wp-json\/wp\/v2\/media?parent=145971"}],"wp:term":[{"taxonomy":"category","embeddable":true,"href":"https:\/\/www.caririemacao.com\/1\/wp-json\/wp\/v2\/categories?post=145971"},{"taxonomy":"post_tag","embeddable":true,"href":"https:\/\/www.caririemacao.com\/1\/wp-json\/wp\/v2\/tags?post=145971"}],"curies":[{"name":"wp","href":"https:\/\/api.w.org\/{rel}","templated":true}]}}