{"id":145979,"date":"2020-01-11T08:53:51","date_gmt":"2020-01-11T11:53:51","guid":{"rendered":"http:\/\/www.caririemacao.com\/1\/?p=145979"},"modified":"2020-01-11T08:53:51","modified_gmt":"2020-01-11T11:53:51","slug":"pesquisa-revela-correlacao-entre-desnutricao-materna-e-microcefalia","status":"publish","type":"post","link":"https:\/\/www.caririemacao.com\/1\/2020\/01\/11\/pesquisa-revela-correlacao-entre-desnutricao-materna-e-microcefalia\/","title":{"rendered":"Pesquisa revela correla\u00e7\u00e3o entre desnutri\u00e7\u00e3o materna e microcefalia"},"content":{"rendered":"\n<p> Um grupo de 27 pesquisadores do Brasil, Reino Unido, Argentina e Estados Unidos descobriu correla\u00e7\u00e3o entre a desnutri\u00e7\u00e3o das m\u00e3es e a s\u00edndrome cong\u00eanita do v\u00edrus Zika nos beb\u00eas, que tem na microcefalia uma de suas manifesta\u00e7\u00f5es. A conclus\u00e3o do trabalho foi publicada hoje (10) no peri\u00f3dico norte-americano Science Advances.<\/p>\n\n\n\n<p>O trabalho foi dividido em duas partes disse a professora do Instituto de Ci\u00eancias Biom\u00e9dicas da Universidade Federal do Rio de Janeiro (UFRJ), Patr\u00edcia Garcez, integrante do grupo de estudo.<\/p>\n\n\n\n<p>O trabalho foi iniciado em 2016 e envolveu, na primeira fase, estudos em laborat\u00f3rio com animais de experimenta\u00e7\u00e3o. Foi usado um grupo que n\u00e3o era suscet\u00edvel ao v\u00edrus Zika, \u201cque n\u00e3o causava microcefalia\u201d, e um grupo dos mesmos animais que eram submetidos a uma dieta com restri\u00e7\u00e3o de prote\u00edna durante a gravidez.<\/p>\n\n\n\n<p>\u201cNa verdade, o que a gente mudou foi s\u00f3 a dieta de um grupo para outro. E quando a gente mudou a dieta, isso foi suficiente para fazer com que esse animal fosse mais suscet\u00edvel a transmitir o v\u00edrus que tinha no ambiente materno para o feto\u201d, disse Patricia.<\/p>\n\n\n\n<p>Os pesquisadores procuraram ent\u00e3o entender se isso acontecia tamb\u00e9m com m\u00e3es que tiveram filhos com a s\u00edndrome cong\u00eanita. Ou seja, se as m\u00e3es estavam com alimenta\u00e7\u00e3o com restri\u00e7\u00e3o de prote\u00edna.<\/p>\n\n\n\n<p>Confirma\u00e7\u00e3o<br>Foram entrevistadas 83 m\u00e3es no Nordeste. \u201cA gente descobriu que 40% dessas m\u00e3es apresentavam desnutri\u00e7\u00e3o proteica\u201d.<\/p>\n\n\n\n<p>Isso pode ter favorecido que os filhos dessas m\u00e3es nascessem com microcefalia, por exemplo. Patricia explicou que a preval\u00eancia de mulheres que, quando infectadas no primeiro trimestre s\u00e3o capazes de transmitir o v\u00edrus para os fetos, varia muito, dependendo da regi\u00e3o.<\/p>\n\n\n\n<p>Essa varia\u00e7\u00e3o da transmiss\u00e3o vertical pode ser de 1% em pa\u00edses desenvolvidos, como os Estados Unidos, chegando a 43% no Brasil.<\/p>\n\n\n\n<p>Os pesquisadores decidiram investigar por que havia mais preval\u00eancia da s\u00edndrome cong\u00eanita do Zika em algumas regi\u00f5es e por que algumas m\u00e3es eram mais suscet\u00edveis do que outras.<\/p>\n\n\n\n<p>\u201c\u00c9 uma s\u00e9rie de cofatores que pode estar facilitando essa diferen\u00e7a de preval\u00eancia na popula\u00e7\u00e3o e a gente mostrou, gra\u00e7as a esse estudo, que a dieta, certamente, \u00e9 um desses cofatores\u201d. A Regi\u00e3o Nordeste foi escolhida para a pesquisa porque concentra 75% dos casos associados ao v\u00edrus Zika.<\/p>\n\n\n\n<p>Os pesquisadores querem entender melhor, a partir de agora, como a dieta influi no sistema imune e como ela atua para facilitar o aumento da suscetibilidade ao v\u00edrus Zika. Outra meta \u00e9 testar se algum tipo de dieta \u00e9 capaz de reverter essa situa\u00e7\u00e3o.<\/p>\n\n\n\n<figure class=\"wp-block-image\"><img decoding=\"async\" data-src=\"https:\/\/paraibaonline.com.br\/wp-content\/uploads\/2019\/04\/bebe_com_microcefalia.jpg\" alt=\"Foto: TV Brasil\" class=\"wp-image-703827 lazyload\" src=\"data:image\/svg+xml;base64,PHN2ZyB3aWR0aD0iMSIgaGVpZ2h0PSIxIiB4bWxucz0iaHR0cDovL3d3dy53My5vcmcvMjAwMC9zdmciPjwvc3ZnPg==\" \/><\/figure>\n\n\n\n<p>Foto: TV Brasil<\/p>\n\n\n\n<p>\u201c[Vamos verificar] se a gente consegue proteger os animais da infec\u00e7\u00e3o do v\u00edrus, sem transmitir aos beb\u00eas, por meio de uma dieta rica em prote\u00edna\u201d.<\/p>\n\n\n\n<p>Outra diretriz \u00e9 estender o estudo para outras regi\u00f5es para ver se essa porcentagem de desnutri\u00e7\u00e3o proteica tem uma correla\u00e7\u00e3o positiva nas m\u00e3es que tiveram filhos com microcefalia. \u201cEssa pesquisa abre muitas avenidas\u201d, disse Patricia Garcez.<\/p>\n\n\n\n<p>Minist\u00e9rio da Sa\u00fade<br>A pesquisa \u00e9 focada em 24 dos 27 estados brasileiros porque, segundo a pesquisadora da UFRJ, nos estados da Regi\u00e3o Sul quase n\u00e3o houve s\u00edndrome cong\u00eanita. O foco \u00e9 a \u00e1rea tropical, que mostra presen\u00e7a acentuada do vetor, que \u00e9 o mosquito Aedes aegypti.<\/p>\n\n\n\n<p>Os pesquisadores haviam explorado, anteriormente, a rela\u00e7\u00e3o potencial entre desnutri\u00e7\u00e3o e malforma\u00e7\u00f5es associada ao v\u00edrus Zika por meio da an\u00e1lise do banco de dados integrado do Minist\u00e9rio da Sa\u00fade.<\/p>\n\n\n\n<p>Para isso, consideraram o n\u00famero de casos de microcefalia confirmados e aqueles ainda sob investiga\u00e7\u00e3o nos estados selecionados, entre 2015 e 2018, quantificando o n\u00famero de pacientes desnutridos admitidos em hospitais nos mesmos estados e no mesmo per\u00edodo.<\/p>\n\n\n\n<p>Eles apuraram, ent\u00e3o, a exist\u00eancia de uma correla\u00e7\u00e3o significativa entre casos de microcefalia e desnutri\u00e7\u00e3o, o que aponta que estados onde se identificou um n\u00famero maior de casos com desnutri\u00e7\u00e3o, na \u00faltima d\u00e9cada, tamb\u00e9m contavam com mais crian\u00e7as com malforma\u00e7\u00f5es desde o surgimento da s\u00edndrome do v\u00edrus Zika no Brasil.<\/p>\n\n\n\n<p>Assimetria<br>Segundo a professora Patricia Garcez, a parceria com o Minist\u00e9rio da Sa\u00fade est\u00e1 sendo essencial para entender melhor a microcefalia e a distribui\u00e7\u00e3o no Brasil, que \u00e9 assim\u00e9trica, e os cofatores que atuam.<\/p>\n\n\n\n<p>\u201cA dieta \u00e9 um cofator relevante, como estamos mostrando, mas, certamente, h\u00e1 outros fatores\u201d, disse. Patricia acredita que a publica\u00e7\u00e3o do artigo cient\u00edfico na revista Science Advances ser\u00e1 importante para a obten\u00e7\u00e3o de novos financiamentos que garantam a continuidade dos estudos.<\/p>\n\n\n\n<p>A pesquisa foi financiada pelo Zika Rapid Response do Medical Research Council do Reino Unido; pela Funda\u00e7\u00e3o Carlos Chagas Filho de Amparo \u00e0 Pesquisa do Rio de Janeiro (Faperj); pelo Minist\u00e9rio da Sa\u00fade do Brasil e pela American Association of Physical Anthropologists (AAPA).<\/p>\n\n\n\n<p>A segunda etapa do projeto, para testar se uma dieta rica produz o mesmo efeito nos embri\u00f5es, dever\u00e1 ser iniciada ainda este ano.<\/p>\n","protected":false},"excerpt":{"rendered":"<p>Um grupo de 27 pesquisadores do Brasil, Reino Unido, Argentina e Estados Unidos descobriu correla\u00e7\u00e3o entre a desnutri\u00e7\u00e3o das m\u00e3es e a s\u00edndrome cong\u00eanita do&hellip; <\/p>\n","protected":false},"author":1,"featured_media":104264,"comment_status":"closed","ping_status":"closed","sticky":false,"template":"","format":"standard","meta":{"sfsi_plus_gutenberg_text_before_share":"","sfsi_plus_gutenberg_show_text_before_share":"","sfsi_plus_gutenberg_icon_type":"","sfsi_plus_gutenberg_icon_alignemt":"","sfsi_plus_gutenburg_max_per_row":"","footnotes":""},"categories":[16],"tags":[],"class_list":["post-145979","post","type-post","status-publish","format-standard","has-post-thumbnail","hentry","category-saude"],"_links":{"self":[{"href":"https:\/\/www.caririemacao.com\/1\/wp-json\/wp\/v2\/posts\/145979","targetHints":{"allow":["GET"]}}],"collection":[{"href":"https:\/\/www.caririemacao.com\/1\/wp-json\/wp\/v2\/posts"}],"about":[{"href":"https:\/\/www.caririemacao.com\/1\/wp-json\/wp\/v2\/types\/post"}],"author":[{"embeddable":true,"href":"https:\/\/www.caririemacao.com\/1\/wp-json\/wp\/v2\/users\/1"}],"replies":[{"embeddable":true,"href":"https:\/\/www.caririemacao.com\/1\/wp-json\/wp\/v2\/comments?post=145979"}],"version-history":[{"count":1,"href":"https:\/\/www.caririemacao.com\/1\/wp-json\/wp\/v2\/posts\/145979\/revisions"}],"predecessor-version":[{"id":145981,"href":"https:\/\/www.caririemacao.com\/1\/wp-json\/wp\/v2\/posts\/145979\/revisions\/145981"}],"wp:featuredmedia":[{"embeddable":true,"href":"https:\/\/www.caririemacao.com\/1\/wp-json\/wp\/v2\/media\/104264"}],"wp:attachment":[{"href":"https:\/\/www.caririemacao.com\/1\/wp-json\/wp\/v2\/media?parent=145979"}],"wp:term":[{"taxonomy":"category","embeddable":true,"href":"https:\/\/www.caririemacao.com\/1\/wp-json\/wp\/v2\/categories?post=145979"},{"taxonomy":"post_tag","embeddable":true,"href":"https:\/\/www.caririemacao.com\/1\/wp-json\/wp\/v2\/tags?post=145979"}],"curies":[{"name":"wp","href":"https:\/\/api.w.org\/{rel}","templated":true}]}}