{"id":145987,"date":"2020-01-11T08:56:25","date_gmt":"2020-01-11T11:56:25","guid":{"rendered":"http:\/\/www.caririemacao.com\/1\/?p=145987"},"modified":"2020-01-11T08:56:25","modified_gmt":"2020-01-11T11:56:25","slug":"mourao-diz-que-brasil-tem-que-ser-solucao-nao-problema","status":"publish","type":"post","link":"https:\/\/www.caririemacao.com\/1\/2020\/01\/11\/mourao-diz-que-brasil-tem-que-ser-solucao-nao-problema\/","title":{"rendered":"Mour\u00e3o diz que Brasil tem que ser solu\u00e7\u00e3o, n\u00e3o problema"},"content":{"rendered":"\n<p><br>O vice-presidente da Rep\u00fablica, Hamilton Mour\u00e3o, defendeu uma atua\u00e7\u00e3o &#8220;independente e pragm\u00e1tica&#8221; do Brasil no cen\u00e1rio internacional. Em entrevista exclusiva \u00e0&nbsp;<strong>Empresa Brasil de Comunica\u00e7\u00e3o<\/strong>&nbsp;(<strong>EBC<\/strong>), nesta&nbsp;sexta-feira (10), ele fez uma breve an\u00e1lise do panorama geopol\u00edtico atual,&nbsp;refor\u00e7ou a ideia de que o pa\u00eds deve buscar uma inser\u00e7\u00e3o soberana e colaborativa com as demais na\u00e7\u00f5es.<\/p>\n\n\n\n<p>&#8220;O Brasil, tradicionalmente, sempre se voltou ao mundo de uma forma independente e pragm\u00e1tica. N\u00f3s temos que&nbsp;ter&nbsp;essa vis\u00e3o de perseguir os interesses do pa\u00eds. Costuma-se se dizer que, em rela\u00e7\u00f5es internacionais, n\u00e3o existem amizades eternas nem inimigos perp\u00e9tuos, existem apenas os nossos interesses. Essa \u00e9 a vis\u00e3o que n\u00f3s temos que continuar, buscando uma inser\u00e7\u00e3o soberana do pa\u00eds, apresentando o Brasil como solu\u00e7\u00e3o, e n\u00e3o como problema, seja aqui no nosso entorno pr\u00f3ximo, na Am\u00e9rica do Sul e, ao mesmo tempo, com as grandes na\u00e7\u00f5es, como Estados Unidos, que n\u00f3s consideramos o grande farol da democracia, a China, nosso maior parceiro comercial, a Comunidade Europeia, a R\u00fassia e a \u00c1frica, n\u00e3o podemos descuidar da \u00c1frica, um grande n\u00famero de brasileiros veio de l\u00e1.&#8221;&nbsp;<\/p>\n\n\n\n<p>Mour\u00e3o tem tido uma atua\u00e7\u00e3o de destaque como representante do governo brasileiro em assuntos estrat\u00e9gicos da agenda internacional. Logo no in\u00edcio do mandato, em fevereiro do ano passado, ele foi designado pelo presidente Jair Bolsonaro para ser o principal representante do pa\u00eds na reuni\u00e3o do Grupo de Lima, em Bogot\u00e1, no auge do agravamento da crise pol\u00edtica na Venezuela. O Grupo de Lima re\u00fane&nbsp;pa\u00edses das Am\u00e9ricas&nbsp;para tratar sobre as quest\u00f5es que envolvem o pa\u00eds vizinho.<\/p>\n\n\n\n<p>Em maio do mesmo ano, Mour\u00e3o fez uma visita oficial \u00e0 China, onde<a href=\"http:\/\/agenciabrasil.ebc.com.br\/economia\/noticia\/2019-05\/em-visita-oficial-china-mourao-reativa-comissao-sino-brasileira\" target=\"_blank\" rel=\"noreferrer noopener\">&nbsp;reativou<\/a>&nbsp;a Comiss\u00e3o Sino-Brasileira de Alto N\u00edvel de Concerta\u00e7\u00e3o e Coopera\u00e7\u00e3o (Cosban)&nbsp;e se reuniu com o presidente do pa\u00eds, Xi Jinping. Essa viagem serviu como importante prepara\u00e7\u00e3o para a visita do presidente Bolsonaro ao pa\u00eds, alguns meses depois. O vice-presidente tamb\u00e9m foi o principal integrante da comitiva de autoridades brasileiras que foram ao Vaticano para assistir \u00e0&nbsp;cerim\u00f4nia de canoniza\u00e7\u00e3o de Irm\u00e3 Dulce, em outubro de 2019, em que manteve um r\u00e1pido encontro com o papa Francisco. Mais recentemente, em dezembro, Mour\u00e3o cumpriu outra miss\u00e3o diplom\u00e1tica importante: foi o representante brasileiro na posse do novo presidente da Argentina, Alberto Fern\u00e1ndez.<\/p>\n\n\n\n<p>Nas viagens que tem feito, o vice-presidente brasileiro diz que tem&nbsp;percebido um conjunto de mudan\u00e7as estruturais em curso&nbsp;no&nbsp;mundo. &#8220;O cen\u00e1rio internacional n\u00e3o \u00e9 simples, porque estamos vivendo tr\u00eas revolu\u00e7\u00f5es no mundo. A revolu\u00e7\u00e3o do mais, que as pessoas passaram a&nbsp;ter&nbsp;mais acesso ao conhecimento, a informa\u00e7\u00f5es, e, ao&nbsp;ter&nbsp;mais acesso, elas tamb\u00e9m querem mais. Temos a revolu\u00e7\u00e3o da mobilidade, ent\u00e3o as pessoas se deslocam mais facilmente, viajam e conhecem coisas diferentes. E temos a revolu\u00e7\u00e3o da mentalidade, a juventude&nbsp;hoje&nbsp;mudou totalmente a sua mentalidade. O mundo enfrenta isso da\u00ed, gera intranquilidades e, ao mesmo tempo, existem as tens\u00f5es sociais e econ\u00f4micas, entre duas grandes economias, como a China e os Estados Unidos, com reflexos nos demais pa\u00edses e comunidades, digamos assim.&#8221;<\/p>\n\n\n\n<h2 class=\"wp-block-heading\">Ajuste fiscal e reformas<\/h2>\n\n\n\n<p>Hamilton Mour\u00e3o fez um balan\u00e7o do primeiro ano do governo Bolsonaro, em que destacou principalmente a aprova\u00e7\u00e3o da reforma da Previd\u00eancia, que \u00e9, na sua opini\u00e3o, base para a recupera\u00e7\u00e3o econ\u00f4mica do pa\u00eds. Ele tamb\u00e9m citou a reorganiza\u00e7\u00e3o administrativa do governo e a&nbsp;<a href=\"http:\/\/agenciabrasil.ebc.com.br\/geral\/noticia\/2019-12\/acoes-integradas-resultaram-na-reducao-de-homicidios-aponta-moro\" target=\"_blank\" rel=\"noreferrer noopener\">redu\u00e7\u00e3o dos \u00edndices de criminalidade<\/a>. &#8220;Tivemos um enxugamento da Esplanada dos Minist\u00e9rios, n\u00e3o \u00e9 simples voc\u00ea reduzir de 29 para 22 minist\u00e9rios, como foi feito. N\u00f3s temos dificuldades de reestrutura\u00e7\u00e3o disso a\u00ed. Ao mesmo tempo, a quest\u00e3o da seguran\u00e7a p\u00fablica tamb\u00e9m foi colocada de forma primordial, o trabalho do ministro [da Seguran\u00e7a P\u00fablica, Sergio] Moro, da equipe dele, em conjunto com os governos estaduais, levou a que os resultados fossem extremamente expressivos.&#8221;<\/p>\n\n\n\n<p>Para 2020, o vice-presidente enfatizou a necessidade de aprofundamento das reformas e privatiza\u00e7\u00f5es pretendidas pelo governo, al\u00e9m da continuidade do ajuste fiscal. &#8220;Na quest\u00e3o da economia, onde n\u00f3s temos dois problemas s\u00e9rios que t\u00eam ser enfrentados. Come\u00e7ou o ano passado, mas essa tarefa continua. Um \u00e9 o ajuste fiscal, temos que trabalhar em cima da reforma administrativa, em cima das privatiza\u00e7\u00f5es das empresas estatais, de modo que a gente consiga colocar receita e despesa equilibradas e, em consequ\u00eancia, o governo&nbsp;ter&nbsp;condi\u00e7\u00f5es de investir em \u00e1reas onde&nbsp;hoje&nbsp;ele n\u00e3o tem condi\u00e7\u00f5es de fazer. Ao mesmo tempo, temos que atacar na quest\u00e3o da baixa produtividade, fruto daquilo que \u00e9 chamado custo Brasil. E a\u00ed entram os projetos na \u00e1rea de infraestrutura, por meio de parcerias p\u00fablico-privadas, as concess\u00f5es que t\u00eam que ser feitas e, principalmente, a reforma tribut\u00e1ria&#8221;, afirmou.<\/p>\n\n\n\n<p>Outra prioridade do governo, segundo Mour\u00e3o, deve ser a agenda social. Ele citou a expectativa de reformula\u00e7\u00e3o de programas sociais do governo,&nbsp;<a href=\"http:\/\/agenciabrasil.ebc.com.br\/politica\/noticia\/2020-01\/governo-estuda-reformulacao-do-bolsa-familia-diz-planalto\" target=\"_blank\" rel=\"noreferrer noopener\">como o Bolsa Fam\u00edlia<\/a>, e a meta de buscar um salto de qualidade na educa\u00e7\u00e3o.&nbsp;&#8220;Temos que avan\u00e7ar na quest\u00e3o de uma educa\u00e7\u00e3o de qualidade. Vamos lembar que a gente j\u00e1 conseguiu, nos \u00faltimos anos, conseguir colocar um grande n\u00famero de crian\u00e7as e jovens na escola, mas agora n\u00f3s temos que fazer com que essas crian\u00e7as e jovens efetivamente aprendam. Ent\u00e3o, esse \u00e9 o salto de qualidade que o Brasil tem que dar em termos educacionais. E tamb\u00e9m nos programas sociais que atingem aquela popula\u00e7\u00e3o que vive em situa\u00e7\u00e3o de pobreza e extrema pobreza, que o presidente est\u00e1 definindo a\u00ed junto com o ministro Onyx [Lorenzoni, da Casa Civil]&nbsp;e os ministros ligados \u00e0 \u00e1rea social.&#8221;<\/p>\n","protected":false},"excerpt":{"rendered":"<p>O vice-presidente da Rep\u00fablica, Hamilton Mour\u00e3o, defendeu uma atua\u00e7\u00e3o &#8220;independente e pragm\u00e1tica&#8221; do Brasil no cen\u00e1rio internacional. Em entrevista exclusiva \u00e0&nbsp;Empresa Brasil de Comunica\u00e7\u00e3o&nbsp;(EBC), nesta&nbsp;sexta-feira&hellip; <\/p>\n","protected":false},"author":1,"featured_media":99257,"comment_status":"closed","ping_status":"closed","sticky":false,"template":"","format":"standard","meta":{"sfsi_plus_gutenberg_text_before_share":"","sfsi_plus_gutenberg_show_text_before_share":"","sfsi_plus_gutenberg_icon_type":"","sfsi_plus_gutenberg_icon_alignemt":"","sfsi_plus_gutenburg_max_per_row":"","footnotes":""},"categories":[11],"tags":[],"class_list":["post-145987","post","type-post","status-publish","format-standard","has-post-thumbnail","hentry","category-politica"],"_links":{"self":[{"href":"https:\/\/www.caririemacao.com\/1\/wp-json\/wp\/v2\/posts\/145987","targetHints":{"allow":["GET"]}}],"collection":[{"href":"https:\/\/www.caririemacao.com\/1\/wp-json\/wp\/v2\/posts"}],"about":[{"href":"https:\/\/www.caririemacao.com\/1\/wp-json\/wp\/v2\/types\/post"}],"author":[{"embeddable":true,"href":"https:\/\/www.caririemacao.com\/1\/wp-json\/wp\/v2\/users\/1"}],"replies":[{"embeddable":true,"href":"https:\/\/www.caririemacao.com\/1\/wp-json\/wp\/v2\/comments?post=145987"}],"version-history":[{"count":1,"href":"https:\/\/www.caririemacao.com\/1\/wp-json\/wp\/v2\/posts\/145987\/revisions"}],"predecessor-version":[{"id":145990,"href":"https:\/\/www.caririemacao.com\/1\/wp-json\/wp\/v2\/posts\/145987\/revisions\/145990"}],"wp:featuredmedia":[{"embeddable":true,"href":"https:\/\/www.caririemacao.com\/1\/wp-json\/wp\/v2\/media\/99257"}],"wp:attachment":[{"href":"https:\/\/www.caririemacao.com\/1\/wp-json\/wp\/v2\/media?parent=145987"}],"wp:term":[{"taxonomy":"category","embeddable":true,"href":"https:\/\/www.caririemacao.com\/1\/wp-json\/wp\/v2\/categories?post=145987"},{"taxonomy":"post_tag","embeddable":true,"href":"https:\/\/www.caririemacao.com\/1\/wp-json\/wp\/v2\/tags?post=145987"}],"curies":[{"name":"wp","href":"https:\/\/api.w.org\/{rel}","templated":true}]}}