{"id":145996,"date":"2020-01-11T08:59:38","date_gmt":"2020-01-11T11:59:38","guid":{"rendered":"http:\/\/www.caririemacao.com\/1\/?p=145996"},"modified":"2020-01-11T08:59:38","modified_gmt":"2020-01-11T11:59:38","slug":"municipio-maranhense-faz-domingo-eleicao-suplementar-para-prefeito","status":"publish","type":"post","link":"https:\/\/www.caririemacao.com\/1\/2020\/01\/11\/municipio-maranhense-faz-domingo-eleicao-suplementar-para-prefeito\/","title":{"rendered":"Munic\u00edpio maranhense faz domingo elei\u00e7\u00e3o suplementar para prefeito"},"content":{"rendered":"\n<p>Cerca de 9 mil eleitores v\u00e3o \u00e0s urnas no pr\u00f3ximo domingo (12), em Bela Vista do Maranh\u00e3o, para escolher o prefeito e o vice-prefeito do munic\u00edpio.<\/p>\n\n\n\n<p>A elei\u00e7\u00e3o suplementar foi convocada porque o prefeito Orias de Oliveira Mendes, do PCdoB, e e a vice-prefeita Vanusa Santos Moraes, do MDB, eleitos no pleito de 2016, foram cassados por abuso de poder pol\u00edtico e conduta proibida a agente p\u00fablico. Em outubro do ano passado, o Tribunal Superior Eleitoral decidiu, por unanimidade, que ambos perderiam o mandato. Eles foram declarados ineleg\u00edveis por oito anos e condenados ao pagamento de multa de R$ 5 mil.<\/p>\n\n\n\n<p>Tr\u00eas candidatos disputam a elei\u00e7\u00e3o suplementar para prefeito em Bela Vista do Maranh\u00e3o: Augusto Filho, do PSDB, Danielzinho, do PSB, e Gil Farma, do PSD.<\/p>\n\n\n\n<p>O eleito cumprir\u00e1 mandato-tamp\u00e3o at\u00e9 31 dezembro.<\/p>\n\n\n\n<p>Em Bela Vista e nos demais munic\u00edpios brasileiros, os eleitores voltar\u00e3o \u00e0s urnas no dia 4 de outubro deste ano para escolher os novos prefeitos, vice-prefeitos e vereadores. O mandato \u00e9 de quatro anos.<\/p>\n","protected":false},"excerpt":{"rendered":"<p>Cerca de 9 mil eleitores v\u00e3o \u00e0s urnas no pr\u00f3ximo domingo (12), em Bela Vista do Maranh\u00e3o, para escolher o prefeito e o vice-prefeito do&hellip; <\/p>\n","protected":false},"author":1,"featured_media":70052,"comment_status":"closed","ping_status":"closed","sticky":false,"template":"","format":"standard","meta":{"sfsi_plus_gutenberg_text_before_share":"","sfsi_plus_gutenberg_show_text_before_share":"","sfsi_plus_gutenberg_icon_type":"","sfsi_plus_gutenberg_icon_alignemt":"","sfsi_plus_gutenburg_max_per_row":"","footnotes":""},"categories":[11],"tags":[],"class_list":["post-145996","post","type-post","status-publish","format-standard","has-post-thumbnail","hentry","category-politica"],"_links":{"self":[{"href":"https:\/\/www.caririemacao.com\/1\/wp-json\/wp\/v2\/posts\/145996","targetHints":{"allow":["GET"]}}],"collection":[{"href":"https:\/\/www.caririemacao.com\/1\/wp-json\/wp\/v2\/posts"}],"about":[{"href":"https:\/\/www.caririemacao.com\/1\/wp-json\/wp\/v2\/types\/post"}],"author":[{"embeddable":true,"href":"https:\/\/www.caririemacao.com\/1\/wp-json\/wp\/v2\/users\/1"}],"replies":[{"embeddable":true,"href":"https:\/\/www.caririemacao.com\/1\/wp-json\/wp\/v2\/comments?post=145996"}],"version-history":[{"count":1,"href":"https:\/\/www.caririemacao.com\/1\/wp-json\/wp\/v2\/posts\/145996\/revisions"}],"predecessor-version":[{"id":145998,"href":"https:\/\/www.caririemacao.com\/1\/wp-json\/wp\/v2\/posts\/145996\/revisions\/145998"}],"wp:featuredmedia":[{"embeddable":true,"href":"https:\/\/www.caririemacao.com\/1\/wp-json\/wp\/v2\/media\/70052"}],"wp:attachment":[{"href":"https:\/\/www.caririemacao.com\/1\/wp-json\/wp\/v2\/media?parent=145996"}],"wp:term":[{"taxonomy":"category","embeddable":true,"href":"https:\/\/www.caririemacao.com\/1\/wp-json\/wp\/v2\/categories?post=145996"},{"taxonomy":"post_tag","embeddable":true,"href":"https:\/\/www.caririemacao.com\/1\/wp-json\/wp\/v2\/tags?post=145996"}],"curies":[{"name":"wp","href":"https:\/\/api.w.org\/{rel}","templated":true}]}}