{"id":146004,"date":"2020-01-11T09:02:44","date_gmt":"2020-01-11T12:02:44","guid":{"rendered":"http:\/\/www.caririemacao.com\/1\/?p=146004"},"modified":"2020-01-11T09:02:44","modified_gmt":"2020-01-11T12:02:44","slug":"bolsonaro-pede-para-eleitores-nao-votarem-em-quem-usar-o-fundao","status":"publish","type":"post","link":"https:\/\/www.caririemacao.com\/1\/2020\/01\/11\/bolsonaro-pede-para-eleitores-nao-votarem-em-quem-usar-o-fundao\/","title":{"rendered":"Bolsonaro pede para eleitores n\u00e3o votarem em quem usar o Fund\u00e3o"},"content":{"rendered":"\n<p>O presidente Jair Bolsonaro disse nesta sexta-feira (10) em Santos que far\u00e1 uma campanha para que os eleitores n\u00e3o votem em candidatos que usarem o dinheiro do Fundo Eleitoral, o Fund\u00e3o. Bolsonaro participou da inaugura\u00e7\u00e3o do novo Pronto-Socorro da Santa Casa da Miseric\u00f3rdia da cidade paulista.<\/p>\n\n\n\n<p>\u201cTerei um momento dif\u00edcil pela frente: os R$ 2 bilh\u00f5es do Fund\u00e3o. Eu lan\u00e7o campanha: n\u00e3o vote em parlamentar que usa dinheiro do Fund\u00e3o. Eu me elegi com 8 segundos [de tempo de campanha na TV]. Quem quer muito tempo e dinheiro quer esconder a verdade. O parlamentar tem momento para se fazer presente juntamente \u00e0 popula\u00e7\u00e3o, de modo que n\u00e3o precisa de dinheiro\u201d, disse o presidente em Santos.<\/p>\n\n\n\n<p>Em dezembro, o Congresso Nacional aprovou o Or\u00e7amento para 2020 com a previs\u00e3o de R$ 2 bilh\u00f5es para o Fundo Eleitoral. O texto seguiu para an\u00e1lise do presidente da Rep\u00fablica, a quem cabe sancion\u00e1-lo ou vet\u00e1-lo. Criado por lei em 2017, &nbsp;em decorr\u00eancia da proibi\u00e7\u00e3o de empresas fazerem doa\u00e7\u00f5es para campanhas pol\u00edticas, o fundo prev\u00ea o uso de dinheiro p\u00fablico para esse fim.&nbsp;<\/p>\n\n\n\n<p>\u201c[O Fund\u00e3o] \u00e9 uma lei e sou obrigado a cumpri-la. Se n\u00e3o fizesse, estaria ferindo o Artigo 85 da Constitui\u00e7\u00e3o Federal e a Lei de Impeachment. E n\u00e3o vou dar este mole para a oposi\u00e7\u00e3o\u201d, disse Bolsonaro.<\/p>\n","protected":false},"excerpt":{"rendered":"<p>O presidente Jair Bolsonaro disse nesta sexta-feira (10) em Santos que far\u00e1 uma campanha para que os eleitores n\u00e3o votem em candidatos que usarem o&hellip; <\/p>\n","protected":false},"author":1,"featured_media":129288,"comment_status":"closed","ping_status":"closed","sticky":false,"template":"","format":"standard","meta":{"sfsi_plus_gutenberg_text_before_share":"","sfsi_plus_gutenberg_show_text_before_share":"","sfsi_plus_gutenberg_icon_type":"","sfsi_plus_gutenberg_icon_alignemt":"","sfsi_plus_gutenburg_max_per_row":"","footnotes":""},"categories":[11],"tags":[],"class_list":["post-146004","post","type-post","status-publish","format-standard","has-post-thumbnail","hentry","category-politica"],"_links":{"self":[{"href":"https:\/\/www.caririemacao.com\/1\/wp-json\/wp\/v2\/posts\/146004","targetHints":{"allow":["GET"]}}],"collection":[{"href":"https:\/\/www.caririemacao.com\/1\/wp-json\/wp\/v2\/posts"}],"about":[{"href":"https:\/\/www.caririemacao.com\/1\/wp-json\/wp\/v2\/types\/post"}],"author":[{"embeddable":true,"href":"https:\/\/www.caririemacao.com\/1\/wp-json\/wp\/v2\/users\/1"}],"replies":[{"embeddable":true,"href":"https:\/\/www.caririemacao.com\/1\/wp-json\/wp\/v2\/comments?post=146004"}],"version-history":[{"count":1,"href":"https:\/\/www.caririemacao.com\/1\/wp-json\/wp\/v2\/posts\/146004\/revisions"}],"predecessor-version":[{"id":146007,"href":"https:\/\/www.caririemacao.com\/1\/wp-json\/wp\/v2\/posts\/146004\/revisions\/146007"}],"wp:featuredmedia":[{"embeddable":true,"href":"https:\/\/www.caririemacao.com\/1\/wp-json\/wp\/v2\/media\/129288"}],"wp:attachment":[{"href":"https:\/\/www.caririemacao.com\/1\/wp-json\/wp\/v2\/media?parent=146004"}],"wp:term":[{"taxonomy":"category","embeddable":true,"href":"https:\/\/www.caririemacao.com\/1\/wp-json\/wp\/v2\/categories?post=146004"},{"taxonomy":"post_tag","embeddable":true,"href":"https:\/\/www.caririemacao.com\/1\/wp-json\/wp\/v2\/tags?post=146004"}],"curies":[{"name":"wp","href":"https:\/\/api.w.org\/{rel}","templated":true}]}}