{"id":146019,"date":"2020-01-11T10:20:45","date_gmt":"2020-01-11T13:20:45","guid":{"rendered":"http:\/\/www.caririemacao.com\/1\/?p=146019"},"modified":"2020-01-11T10:20:45","modified_gmt":"2020-01-11T13:20:45","slug":"flamengo-acerta-contratacao-de-atacante-que-se-destacou-no-brasileirao-2019","status":"publish","type":"post","link":"https:\/\/www.caririemacao.com\/1\/2020\/01\/11\/flamengo-acerta-contratacao-de-atacante-que-se-destacou-no-brasileirao-2019\/","title":{"rendered":"Flamengo acerta contrata\u00e7\u00e3o de atacante que se destacou no Brasileir\u00e3o 2019"},"content":{"rendered":"\n<p>O Flamengo acertou a contrata\u00e7\u00e3o do atacante Michael, que se destacou no \u00faltimo Campeonato Brasileiro pelo Goi\u00e1s. O jogador \u00e9 o terceiro refor\u00e7o rubro-negro para a temporada -o clube j\u00e1 havia anunciado o atacante Pedro Rocha e o zagueiro Gustavo Henrique.<\/p>\n\n\n\n<p>A transa\u00e7\u00e3o custou 7,5 milh\u00f5es de euros (cerca de R$ 34 milh\u00f5es) ao Flamengo, que adquiriu 80% dos direitos do atleta.<\/p>\n\n\n\n<p>Durante as conversas, houve um imbr\u00f3glio envolvendo os 5% dos direitos ligados ao Goian\u00e9sia, clube que ele defendeu anteriormente, e a Eduardo Maluf, agente do jogador. Este impasse foi superado nesta sexta-feira (10). O clube rubro-negro ficou com 75% que pertenciam ao Goi\u00e1s e mais 5% que foram cedidos pelo pr\u00f3prio Michael. O Goian\u00e9sia manteve 5%, e o jogador ficou com 15% de seus pr\u00f3prios direitos.<\/p>\n\n\n\n<p>Neste per\u00edodo de pr\u00e9-temporada, Michael foi alvo de interesse do Corinthians, que chegou a tratar com o Goi\u00e1s. O clube alvinegro, no entanto, anunciou na manh\u00e3 da \u00faltima quarta (8), de forma oficial, que havia desistido do neg\u00f3cio. Assim, o caminho ficou livre para o Flamengo.<\/p>\n\n\n\n<p>Na quinta (9), Marcos Braz, vice-presidente de futebol do Flamengo, afirmou que a tratativa estava \u201cbem encaminhada\u201d e que, com o Goi\u00e1s, estava tudo alinhado, restando apenas alguns detalhes para fechar a tratativa, o que se confirmou no dia seguinte.<\/p>\n","protected":false},"excerpt":{"rendered":"<p>O Flamengo acertou a contrata\u00e7\u00e3o do atacante Michael, que se destacou no \u00faltimo Campeonato Brasileiro pelo Goi\u00e1s. O jogador \u00e9 o terceiro refor\u00e7o rubro-negro para&hellip; <\/p>\n","protected":false},"author":1,"featured_media":146021,"comment_status":"closed","ping_status":"closed","sticky":false,"template":"","format":"standard","meta":{"sfsi_plus_gutenberg_text_before_share":"","sfsi_plus_gutenberg_show_text_before_share":"","sfsi_plus_gutenberg_icon_type":"","sfsi_plus_gutenberg_icon_alignemt":"","sfsi_plus_gutenburg_max_per_row":"","footnotes":""},"categories":[13],"tags":[],"class_list":["post-146019","post","type-post","status-publish","format-standard","has-post-thumbnail","hentry","category-esportes"],"_links":{"self":[{"href":"https:\/\/www.caririemacao.com\/1\/wp-json\/wp\/v2\/posts\/146019","targetHints":{"allow":["GET"]}}],"collection":[{"href":"https:\/\/www.caririemacao.com\/1\/wp-json\/wp\/v2\/posts"}],"about":[{"href":"https:\/\/www.caririemacao.com\/1\/wp-json\/wp\/v2\/types\/post"}],"author":[{"embeddable":true,"href":"https:\/\/www.caririemacao.com\/1\/wp-json\/wp\/v2\/users\/1"}],"replies":[{"embeddable":true,"href":"https:\/\/www.caririemacao.com\/1\/wp-json\/wp\/v2\/comments?post=146019"}],"version-history":[{"count":1,"href":"https:\/\/www.caririemacao.com\/1\/wp-json\/wp\/v2\/posts\/146019\/revisions"}],"predecessor-version":[{"id":146022,"href":"https:\/\/www.caririemacao.com\/1\/wp-json\/wp\/v2\/posts\/146019\/revisions\/146022"}],"wp:featuredmedia":[{"embeddable":true,"href":"https:\/\/www.caririemacao.com\/1\/wp-json\/wp\/v2\/media\/146021"}],"wp:attachment":[{"href":"https:\/\/www.caririemacao.com\/1\/wp-json\/wp\/v2\/media?parent=146019"}],"wp:term":[{"taxonomy":"category","embeddable":true,"href":"https:\/\/www.caririemacao.com\/1\/wp-json\/wp\/v2\/categories?post=146019"},{"taxonomy":"post_tag","embeddable":true,"href":"https:\/\/www.caririemacao.com\/1\/wp-json\/wp\/v2\/tags?post=146019"}],"curies":[{"name":"wp","href":"https:\/\/api.w.org\/{rel}","templated":true}]}}