{"id":146026,"date":"2020-01-11T10:22:56","date_gmt":"2020-01-11T13:22:56","guid":{"rendered":"http:\/\/www.caririemacao.com\/1\/?p=146026"},"modified":"2020-01-11T10:22:56","modified_gmt":"2020-01-11T13:22:56","slug":"governador-promove-policiais-e-realiza-mudancas-na-policia-militar-da-paraiba","status":"publish","type":"post","link":"https:\/\/www.caririemacao.com\/1\/2020\/01\/11\/governador-promove-policiais-e-realiza-mudancas-na-policia-militar-da-paraiba\/","title":{"rendered":"Governador promove policiais e realiza mudan\u00e7as na Policia Militar da Para\u00edba"},"content":{"rendered":"\n<p>O governador da Para\u00edba Jo\u00e3o Azev\u00eado promoveu policiais al\u00e9m de realizar mudan\u00e7as na Pol\u00edcia Militar da Para\u00edba. As mudan\u00e7as foram publicadas no Di\u00e1rio Oficial deste s\u00e1bado (11).<\/p>\n\n\n\n<p><a href=\"https:\/\/www.clickpb.com.br\/media\/filer_public\/3c\/84\/3c844e4a-aa09-4d80-bd57-1a773362a608\/diario-oficial-11-01-2020.pdf\">Confira a publica\u00e7\u00e3o&nbsp;<\/a><\/p>\n\n\n\n<p>Entre as mudan\u00e7as est\u00e3o nomes como o do agora tenente-coronel Irlan Trajano de Sena e do agora tenente-coronel Nicolau Fran\u00e7a de Alencar Leite Terceiro, entre outros.&nbsp;<\/p>\n","protected":false},"excerpt":{"rendered":"<p>O governador da Para\u00edba Jo\u00e3o Azev\u00eado promoveu policiais al\u00e9m de realizar mudan\u00e7as na Pol\u00edcia Militar da Para\u00edba. As mudan\u00e7as foram publicadas no Di\u00e1rio Oficial deste&hellip; <\/p>\n","protected":false},"author":1,"featured_media":132901,"comment_status":"closed","ping_status":"closed","sticky":false,"template":"","format":"standard","meta":{"sfsi_plus_gutenberg_text_before_share":"","sfsi_plus_gutenberg_show_text_before_share":"","sfsi_plus_gutenberg_icon_type":"","sfsi_plus_gutenberg_icon_alignemt":"","sfsi_plus_gutenburg_max_per_row":"","footnotes":""},"categories":[11],"tags":[],"class_list":["post-146026","post","type-post","status-publish","format-standard","has-post-thumbnail","hentry","category-politica"],"_links":{"self":[{"href":"https:\/\/www.caririemacao.com\/1\/wp-json\/wp\/v2\/posts\/146026","targetHints":{"allow":["GET"]}}],"collection":[{"href":"https:\/\/www.caririemacao.com\/1\/wp-json\/wp\/v2\/posts"}],"about":[{"href":"https:\/\/www.caririemacao.com\/1\/wp-json\/wp\/v2\/types\/post"}],"author":[{"embeddable":true,"href":"https:\/\/www.caririemacao.com\/1\/wp-json\/wp\/v2\/users\/1"}],"replies":[{"embeddable":true,"href":"https:\/\/www.caririemacao.com\/1\/wp-json\/wp\/v2\/comments?post=146026"}],"version-history":[{"count":1,"href":"https:\/\/www.caririemacao.com\/1\/wp-json\/wp\/v2\/posts\/146026\/revisions"}],"predecessor-version":[{"id":146029,"href":"https:\/\/www.caririemacao.com\/1\/wp-json\/wp\/v2\/posts\/146026\/revisions\/146029"}],"wp:featuredmedia":[{"embeddable":true,"href":"https:\/\/www.caririemacao.com\/1\/wp-json\/wp\/v2\/media\/132901"}],"wp:attachment":[{"href":"https:\/\/www.caririemacao.com\/1\/wp-json\/wp\/v2\/media?parent=146026"}],"wp:term":[{"taxonomy":"category","embeddable":true,"href":"https:\/\/www.caririemacao.com\/1\/wp-json\/wp\/v2\/categories?post=146026"},{"taxonomy":"post_tag","embeddable":true,"href":"https:\/\/www.caririemacao.com\/1\/wp-json\/wp\/v2\/tags?post=146026"}],"curies":[{"name":"wp","href":"https:\/\/api.w.org\/{rel}","templated":true}]}}