{"id":146041,"date":"2020-01-11T10:25:31","date_gmt":"2020-01-11T13:25:31","guid":{"rendered":"http:\/\/www.caririemacao.com\/1\/?p=146041"},"modified":"2020-01-11T10:25:31","modified_gmt":"2020-01-11T13:25:31","slug":"ronaldo-queiroz-e-seu-grupo-confirmam-ze-elias-como-pre-candidato-a-prefeito-de-gurjao-nas-eleicoes-2020","status":"publish","type":"post","link":"https:\/\/www.caririemacao.com\/1\/2020\/01\/11\/ronaldo-queiroz-e-seu-grupo-confirmam-ze-elias-como-pre-candidato-a-prefeito-de-gurjao-nas-eleicoes-2020\/","title":{"rendered":"Ronaldo Queiroz e seu grupo confirmam Z\u00e9 Elias como pr\u00e9-candidato a prefeito de Gurj\u00e3o nas elei\u00e7\u00f5es 2020"},"content":{"rendered":"\n<p>Acabou o mist\u00e9rio. O prefeito de Gurj\u00e3o, Ronaldo Queiroz, e seu grupo anunciaram nesta sexta-feira (10) de forma conjunta a escolha do ex-vereador e presidente da C\u00e2mara, Z\u00e9 Elias, como pr\u00e9-candidato a prefeito da situa\u00e7\u00e3o nas elei\u00e7\u00f5es municipais deste ano.<\/p>\n\n\n\n<p>Z\u00e9 Elias, que tem larga hist\u00f3ria pol\u00edtica no munic\u00edpio e \u00e9 filho da atual vice-prefeita T\u00e9rcia Borges, formou um grande consenso de todo o grupo e foi anunciado em clima de festa pelos l\u00edderes pol\u00edticos do grupo e por um grande n\u00famero de aliados presentes \u00e0 C\u00e2mara de Vereadores.<\/p>\n\n\n\n<div class=\"wp-block-image\"><figure class=\"alignright\"><img decoding=\"async\" data-src=\"http:\/\/deolhonocariri.com.br\/wp-content\/uploads\/2020\/01\/ze-2.jpg\" alt=\"\" class=\"wp-image-76344 lazyload\" src=\"data:image\/svg+xml;base64,PHN2ZyB3aWR0aD0iMSIgaGVpZ2h0PSIxIiB4bWxucz0iaHR0cDovL3d3dy53My5vcmcvMjAwMC9zdmciPjwvc3ZnPg==\" \/><\/figure><\/div>\n\n\n\n<p>O an\u00fancio de Ronaldo Queiroz foi acompanhado e chancelado de perto pela vice-prefeita T\u00e9rcia Borges, a presidente da C\u00e2mara, a vereadora Maria Elizete, e os vereadores Marcelo Farias, Diogo Coutinho, J\u00fanior Moraes, Robson Cordeiro e Selminha. Todos em estreita unidade definiram que Z\u00e9 Elias ser\u00e1 o candidato do grupo na disputa deste ano.<\/p>\n\n\n\n<p>Ronaldo destacou que Z\u00e9 Elias despontou muito bem nos levantamentos encomendados pelo grupo junto a popula\u00e7\u00e3o e \u00e9 um nome que conta com a simpatia de todos os l\u00edderes, que est\u00e3o unidos desde a elei\u00e7\u00e3o passada, tendo dado total sustenta\u00e7\u00e3o a sua gest\u00e3o ao longo dos \u00faltimos anos. \u201cZ\u00e9 Elias foi um companheiro fiel. Esteve conosco desde quando ganhamos nossa primeira elei\u00e7\u00e3o e agora chegou sua vez\u201d, sentenciou o prefeito Ronaldo.<\/p>\n\n\n\n<p>Z\u00e9 Elias agradeceu a indica\u00e7\u00e3o de todos e disse que vai andar cada recanto do munic\u00edpio de Gurj\u00e3o para construir uma proposta s\u00f3lida para o futuro do munic\u00edpio, dando continuidade a gest\u00e3o exitosa e respons\u00e1vel que teve o prefeito Ronaldo Queiroz. \u201cQueremos uma Gurj\u00e3o forte; com a\u00e7\u00f5es em favor da popula\u00e7\u00e3o, em especial os que mais precisam do poder p\u00fablico, e com uma gest\u00e3o que responsa aos anseios do nosso povo. Assumo com responsabilidade a miss\u00e3o de enfrentar a campanha que se avizinha e com a confian\u00e7a do povo de Gurj\u00e3o dar continuidade a gest\u00e3o deste grande prefeito que foi Ronaldo Queiroz\u201d, afirmou o pr\u00e9-candidato Z\u00e9 Elias.<\/p>\n\n\n\n<p><strong>De Olho no Cariri<\/strong><\/p>\n","protected":false},"excerpt":{"rendered":"<p>Acabou o mist\u00e9rio. O prefeito de Gurj\u00e3o, Ronaldo Queiroz, e seu grupo anunciaram nesta sexta-feira (10) de forma conjunta a escolha do ex-vereador e presidente&hellip; <\/p>\n","protected":false},"author":1,"featured_media":146043,"comment_status":"closed","ping_status":"closed","sticky":false,"template":"","format":"standard","meta":{"sfsi_plus_gutenberg_text_before_share":"","sfsi_plus_gutenberg_show_text_before_share":"","sfsi_plus_gutenberg_icon_type":"","sfsi_plus_gutenberg_icon_alignemt":"","sfsi_plus_gutenburg_max_per_row":"","footnotes":""},"categories":[6],"tags":[],"class_list":["post-146041","post","type-post","status-publish","format-standard","has-post-thumbnail","hentry","category-cidades"],"_links":{"self":[{"href":"https:\/\/www.caririemacao.com\/1\/wp-json\/wp\/v2\/posts\/146041","targetHints":{"allow":["GET"]}}],"collection":[{"href":"https:\/\/www.caririemacao.com\/1\/wp-json\/wp\/v2\/posts"}],"about":[{"href":"https:\/\/www.caririemacao.com\/1\/wp-json\/wp\/v2\/types\/post"}],"author":[{"embeddable":true,"href":"https:\/\/www.caririemacao.com\/1\/wp-json\/wp\/v2\/users\/1"}],"replies":[{"embeddable":true,"href":"https:\/\/www.caririemacao.com\/1\/wp-json\/wp\/v2\/comments?post=146041"}],"version-history":[{"count":1,"href":"https:\/\/www.caririemacao.com\/1\/wp-json\/wp\/v2\/posts\/146041\/revisions"}],"predecessor-version":[{"id":146044,"href":"https:\/\/www.caririemacao.com\/1\/wp-json\/wp\/v2\/posts\/146041\/revisions\/146044"}],"wp:featuredmedia":[{"embeddable":true,"href":"https:\/\/www.caririemacao.com\/1\/wp-json\/wp\/v2\/media\/146043"}],"wp:attachment":[{"href":"https:\/\/www.caririemacao.com\/1\/wp-json\/wp\/v2\/media?parent=146041"}],"wp:term":[{"taxonomy":"category","embeddable":true,"href":"https:\/\/www.caririemacao.com\/1\/wp-json\/wp\/v2\/categories?post=146041"},{"taxonomy":"post_tag","embeddable":true,"href":"https:\/\/www.caririemacao.com\/1\/wp-json\/wp\/v2\/tags?post=146041"}],"curies":[{"name":"wp","href":"https:\/\/api.w.org\/{rel}","templated":true}]}}