{"id":146047,"date":"2020-01-11T10:28:03","date_gmt":"2020-01-11T13:28:03","guid":{"rendered":"http:\/\/www.caririemacao.com\/1\/?p=146047"},"modified":"2020-01-11T10:28:03","modified_gmt":"2020-01-11T13:28:03","slug":"festa-de-sao-sebastiao-do-umbuzeiro-tera-chegada-da-imagem-e-missa-solene-de-abertura-neste-sabado","status":"publish","type":"post","link":"https:\/\/www.caririemacao.com\/1\/2020\/01\/11\/festa-de-sao-sebastiao-do-umbuzeiro-tera-chegada-da-imagem-e-missa-solene-de-abertura-neste-sabado\/","title":{"rendered":"Festa de S\u00e3o Sebasti\u00e3o do Umbuzeiro ter\u00e1 chegada da imagem e missa solene de abertura neste S\u00e1bado"},"content":{"rendered":"\n<p>A programa\u00e7\u00e3o da 108\u00aa edi\u00e7\u00e3o da Festa de S\u00e3o Sebasti\u00e3o do Umbuzeiro hoje ter\u00e1 uma grande programa\u00e7\u00e3o.<\/p>\n\n\n\n<p><br>\u00c0s 18 e 30 haver\u00e1 missa na Igreja de Nossa Senhora das Dores em Zabel\u00ea, e em seguida a imagem do padroeiro ser\u00e1 enviada de volta em uma grande prociss\u00e3o de carros e motos \u00e0 SS do Umbuzeiro.<\/p>\n\n\n\n<p><br>Com a chegada da imagem em SS do Umbuzeiro, ser\u00e1 celebrada a missa solene de abertura da festa. A missa ser\u00e1 celebrada por Padre Jo\u00e3o Jorge Rietveld, p\u00e1roco da Par\u00f3quia de Nossa Senhora da Concei\u00e7\u00e3o de Cabaceiras.<\/p>\n\n\n\n<p><br>Neste s\u00e1bado, a noite \u00e9 dedicada ao Ter\u00e7o dos Homens.<\/p>\n\n\n\n<p><br>J\u00e1 na parte social da festa, neste s\u00e1bado, no palco montado pela prefeitura Municipal na Pra\u00e7a de Eventos, a grande atra\u00e7\u00e3o ser\u00e1 o cantor Laerte Lins que promete fazer um grande show.<\/p>\n\n\n\n<p><strong><br>F\u00c1BIO BRITO<\/strong><\/p>\n","protected":false},"excerpt":{"rendered":"<p>A programa\u00e7\u00e3o da 108\u00aa edi\u00e7\u00e3o da Festa de S\u00e3o Sebasti\u00e3o do Umbuzeiro hoje ter\u00e1 uma grande programa\u00e7\u00e3o. \u00c0s 18 e 30 haver\u00e1 missa na Igreja&hellip; <\/p>\n","protected":false},"author":1,"featured_media":146049,"comment_status":"closed","ping_status":"closed","sticky":false,"template":"","format":"standard","meta":{"sfsi_plus_gutenberg_text_before_share":"","sfsi_plus_gutenberg_show_text_before_share":"","sfsi_plus_gutenberg_icon_type":"","sfsi_plus_gutenberg_icon_alignemt":"","sfsi_plus_gutenburg_max_per_row":"","footnotes":""},"categories":[6],"tags":[],"class_list":["post-146047","post","type-post","status-publish","format-standard","has-post-thumbnail","hentry","category-cidades"],"_links":{"self":[{"href":"https:\/\/www.caririemacao.com\/1\/wp-json\/wp\/v2\/posts\/146047","targetHints":{"allow":["GET"]}}],"collection":[{"href":"https:\/\/www.caririemacao.com\/1\/wp-json\/wp\/v2\/posts"}],"about":[{"href":"https:\/\/www.caririemacao.com\/1\/wp-json\/wp\/v2\/types\/post"}],"author":[{"embeddable":true,"href":"https:\/\/www.caririemacao.com\/1\/wp-json\/wp\/v2\/users\/1"}],"replies":[{"embeddable":true,"href":"https:\/\/www.caririemacao.com\/1\/wp-json\/wp\/v2\/comments?post=146047"}],"version-history":[{"count":1,"href":"https:\/\/www.caririemacao.com\/1\/wp-json\/wp\/v2\/posts\/146047\/revisions"}],"predecessor-version":[{"id":146050,"href":"https:\/\/www.caririemacao.com\/1\/wp-json\/wp\/v2\/posts\/146047\/revisions\/146050"}],"wp:featuredmedia":[{"embeddable":true,"href":"https:\/\/www.caririemacao.com\/1\/wp-json\/wp\/v2\/media\/146049"}],"wp:attachment":[{"href":"https:\/\/www.caririemacao.com\/1\/wp-json\/wp\/v2\/media?parent=146047"}],"wp:term":[{"taxonomy":"category","embeddable":true,"href":"https:\/\/www.caririemacao.com\/1\/wp-json\/wp\/v2\/categories?post=146047"},{"taxonomy":"post_tag","embeddable":true,"href":"https:\/\/www.caririemacao.com\/1\/wp-json\/wp\/v2\/tags?post=146047"}],"curies":[{"name":"wp","href":"https:\/\/api.w.org\/{rel}","templated":true}]}}