{"id":146071,"date":"2020-01-11T12:57:11","date_gmt":"2020-01-11T15:57:11","guid":{"rendered":"http:\/\/www.caririemacao.com\/1\/?p=146071"},"modified":"2020-01-11T12:57:11","modified_gmt":"2020-01-11T15:57:11","slug":"pedreiro-e-preso-suspeito-de-matar-morador-por-pisar-em-cimento-fresco","status":"publish","type":"post","link":"https:\/\/www.caririemacao.com\/1\/2020\/01\/11\/pedreiro-e-preso-suspeito-de-matar-morador-por-pisar-em-cimento-fresco\/","title":{"rendered":"Pedreiro \u00e9 preso suspeito de matar morador por pisar em cimento fresco"},"content":{"rendered":"\n<figure class=\"wp-block-image\"><img fetchpriority=\"high\" decoding=\"async\" width=\"300\" height=\"169\" src=\"http:\/\/www.caririemacao.com\/1\/wp-content\/uploads\/2020\/01\/image-1.png\" alt=\"\" class=\"wp-image-146074\"\/><\/figure>\n\n\n\n<p>Um pedreiro foi preso na quarta-feira (8) suspeito de matar um motorista de \u00f4nibus porque a v\u00edtima pisou em uma escada com cimento fresco, em An\u00e1polis, a 55 km de Goi\u00e2nia. Ao ser detido, o homem estava com a roupa suja de sangue e com uma faca.Segundo a pol\u00edcia, o pedreiro, que n\u00e3o teve o nome divulgado, estava fazendo uma reforma em um sobrado onde Agnaldo de Assis Fernandes Cardoso, de 49 anos, alugava o segundo andar.<\/p>\n\n\n\n<p>O pedreiro, conforme a investiga\u00e7\u00e3o, tinha pedido para que o motorista de \u00f4nibus n\u00e3o pisasse na escada e, mesmo assim, ele passou pelo local.Os dois teriam come\u00e7ado a brigar ainda na entrada da casa, mas depois se afastaram. O pedreiro foi para um bar quase em frente ao im\u00f3vel.<\/p>\n\n\n\n<p>Momentos depois, o motorista de \u00f4nibus tamb\u00e9m foi para o mesmo bar e, ao se encontrarem, voltaram a discutir.\u201cL\u00e1 houve o esfaqueamento.<\/p>\n\n\n\n<p>Nesse momento em que ele estava aguardando socorro, fomos informados desse crime e, de pronto, come\u00e7amos a patrulhar a regi\u00e3o e conseguimos abordar o autor ainda no bairro com a arma do crime e com vest\u00edgios de sangue em suas vestimentas\u201d, disse Janderson Lago, capit\u00e3o da Pol\u00edcia Militar.<\/p>\n\n\n\n<p>O suspeito foi levado para a delegacia e deve responder por homic\u00eddio. O corpo de Agnaldo de Assis foi levado para Rubiataba, onde ser\u00e1 enterrado.<\/p>\n\n\n\n<p><em>Informa\u00e7\u00f5es do G1<\/em><\/p>\n","protected":false},"excerpt":{"rendered":"<p>Um pedreiro foi preso na quarta-feira (8) suspeito de matar um motorista de \u00f4nibus porque a v\u00edtima pisou em uma escada com cimento fresco, em&hellip; <\/p>\n","protected":false},"author":1,"featured_media":146074,"comment_status":"closed","ping_status":"closed","sticky":false,"template":"","format":"standard","meta":{"sfsi_plus_gutenberg_text_before_share":"","sfsi_plus_gutenberg_show_text_before_share":"","sfsi_plus_gutenberg_icon_type":"","sfsi_plus_gutenberg_icon_alignemt":"","sfsi_plus_gutenburg_max_per_row":"","footnotes":""},"categories":[12],"tags":[],"class_list":["post-146071","post","type-post","status-publish","format-standard","has-post-thumbnail","hentry","category-policia"],"_links":{"self":[{"href":"https:\/\/www.caririemacao.com\/1\/wp-json\/wp\/v2\/posts\/146071","targetHints":{"allow":["GET"]}}],"collection":[{"href":"https:\/\/www.caririemacao.com\/1\/wp-json\/wp\/v2\/posts"}],"about":[{"href":"https:\/\/www.caririemacao.com\/1\/wp-json\/wp\/v2\/types\/post"}],"author":[{"embeddable":true,"href":"https:\/\/www.caririemacao.com\/1\/wp-json\/wp\/v2\/users\/1"}],"replies":[{"embeddable":true,"href":"https:\/\/www.caririemacao.com\/1\/wp-json\/wp\/v2\/comments?post=146071"}],"version-history":[{"count":1,"href":"https:\/\/www.caririemacao.com\/1\/wp-json\/wp\/v2\/posts\/146071\/revisions"}],"predecessor-version":[{"id":146076,"href":"https:\/\/www.caririemacao.com\/1\/wp-json\/wp\/v2\/posts\/146071\/revisions\/146076"}],"wp:featuredmedia":[{"embeddable":true,"href":"https:\/\/www.caririemacao.com\/1\/wp-json\/wp\/v2\/media\/146074"}],"wp:attachment":[{"href":"https:\/\/www.caririemacao.com\/1\/wp-json\/wp\/v2\/media?parent=146071"}],"wp:term":[{"taxonomy":"category","embeddable":true,"href":"https:\/\/www.caririemacao.com\/1\/wp-json\/wp\/v2\/categories?post=146071"},{"taxonomy":"post_tag","embeddable":true,"href":"https:\/\/www.caririemacao.com\/1\/wp-json\/wp\/v2\/tags?post=146071"}],"curies":[{"name":"wp","href":"https:\/\/api.w.org\/{rel}","templated":true}]}}