{"id":146081,"date":"2020-01-11T12:59:42","date_gmt":"2020-01-11T15:59:42","guid":{"rendered":"http:\/\/www.caririemacao.com\/1\/?p=146081"},"modified":"2020-01-11T12:59:42","modified_gmt":"2020-01-11T15:59:42","slug":"gremio-serrano-deve-disputar-campeonato-paraibano-da-segunda-divisao-em-sume","status":"publish","type":"post","link":"https:\/\/www.caririemacao.com\/1\/2020\/01\/11\/gremio-serrano-deve-disputar-campeonato-paraibano-da-segunda-divisao-em-sume\/","title":{"rendered":"Gr\u00eamio Serrano deve disputar Campeonato Paraibano da segunda divis\u00e3o em Sum\u00e9"},"content":{"rendered":"\n<figure class=\"wp-block-image\"><a href=\"https:\/\/caririesporte.com.br\/wp-content\/uploads\/2020\/01\/24920c24-b635-4514-83de-8543bd9221d9.jpg\"><img decoding=\"async\" data-src=\"https:\/\/caririesporte.com.br\/wp-content\/uploads\/2020\/01\/24920c24-b635-4514-83de-8543bd9221d9-696x349.jpg\" alt=\"\" src=\"data:image\/svg+xml;base64,PHN2ZyB3aWR0aD0iMSIgaGVpZ2h0PSIxIiB4bWxucz0iaHR0cDovL3d3dy53My5vcmcvMjAwMC9zdmciPjwvc3ZnPg==\" class=\"lazyload\" style=\"--smush-placeholder-width: 696px; --smush-placeholder-aspect-ratio: 696\/349;\" \/><\/a><\/figure>\n\n\n\n<p><a href=\"https:\/\/www.facebook.com\/sharer.php?u=https%3A%2F%2Fcaririesporte.com.br%2F2020%2F01%2F11%2Fgremio-serrano-deve-disputar-campeonato-paraibano-da-segunda-divisao-em-sume%2F\"><\/a><a href=\"https:\/\/twitter.com\/intent\/tweet?text=Gr%C3%AAmio+Serrano+deve+disputar+Campeonato+Paraibano+da+segunda+divis%C3%A3o+em+Sum%C3%A9&amp;url=https%3A%2F%2Fcaririesporte.com.br%2F2020%2F01%2F11%2Fgremio-serrano-deve-disputar-campeonato-paraibano-da-segunda-divisao-em-sume%2F&amp;via=Cariri+Esporte\"><\/a><a href=\"whatsapp:\/\/send?text=Gr%C3%AAmio Serrano deve disputar Campeonato Paraibano da segunda divis%C3%A3o em Sum%C3%A9 %0A%0A https:\/\/caririesporte.com.br\/2020\/01\/11\/gremio-serrano-deve-disputar-campeonato-paraibano-da-segunda-divisao-em-sume\/\"><\/a><\/p>\n\n\n\n<p>Nesta quinta-feira (09), a diretoria do Gr\u00eamio Serrano esteve reunida em Sum\u00e9, no Cariri da Para\u00edba, para planejar a temporada esportiva de 2020.<\/p>\n\n\n\n<p>Na oportunidade, os dirigentes dividiram os planos para temporada em duas etapas. No primeiro semestre, a equipe do Gr\u00eamio Serrano dedicar\u00e1 as categorias de base, com \u00eanfase no Paraibano sub-19, que garante duas vagas para a Copa S\u00e3o Paulo de Futebol Jr.<\/p>\n\n\n\n<p>Outra prioridade do Serrano para 2020, ser\u00e1 a disputa da segunda divis\u00e3o do Campeonato Paraibano de Futebol. A equipe que foi rebaixada em 2019, ir\u00e1 tentar voltar \u00e0 elite do futebol do estado.<\/p>\n\n\n\n<p>Estiveram participando do encontro, o coordenador das categorias de base da equipe, Valdir Cabral, Luiz Henrique, supervisor, Dogmar, diretor de futebol, Marco de Sofia, coordenador t\u00e9cnico e preparador f\u00edsico e o t\u00e9cnico para a temporada 2020, Jairo Santos.<\/p>\n\n\n\n<p><em>Not\u00edcias em Destaque<\/em><\/p>\n","protected":false},"excerpt":{"rendered":"<p>Nesta quinta-feira (09), a diretoria do Gr\u00eamio Serrano esteve reunida em Sum\u00e9, no Cariri da Para\u00edba, para planejar a temporada esportiva de 2020. Na oportunidade,&hellip; <\/p>\n","protected":false},"author":1,"featured_media":146082,"comment_status":"closed","ping_status":"closed","sticky":false,"template":"","format":"standard","meta":{"sfsi_plus_gutenberg_text_before_share":"","sfsi_plus_gutenberg_show_text_before_share":"","sfsi_plus_gutenberg_icon_type":"","sfsi_plus_gutenberg_icon_alignemt":"","sfsi_plus_gutenburg_max_per_row":"","footnotes":""},"categories":[13],"tags":[],"class_list":["post-146081","post","type-post","status-publish","format-standard","has-post-thumbnail","hentry","category-esportes"],"_links":{"self":[{"href":"https:\/\/www.caririemacao.com\/1\/wp-json\/wp\/v2\/posts\/146081","targetHints":{"allow":["GET"]}}],"collection":[{"href":"https:\/\/www.caririemacao.com\/1\/wp-json\/wp\/v2\/posts"}],"about":[{"href":"https:\/\/www.caririemacao.com\/1\/wp-json\/wp\/v2\/types\/post"}],"author":[{"embeddable":true,"href":"https:\/\/www.caririemacao.com\/1\/wp-json\/wp\/v2\/users\/1"}],"replies":[{"embeddable":true,"href":"https:\/\/www.caririemacao.com\/1\/wp-json\/wp\/v2\/comments?post=146081"}],"version-history":[{"count":1,"href":"https:\/\/www.caririemacao.com\/1\/wp-json\/wp\/v2\/posts\/146081\/revisions"}],"predecessor-version":[{"id":146083,"href":"https:\/\/www.caririemacao.com\/1\/wp-json\/wp\/v2\/posts\/146081\/revisions\/146083"}],"wp:featuredmedia":[{"embeddable":true,"href":"https:\/\/www.caririemacao.com\/1\/wp-json\/wp\/v2\/media\/146082"}],"wp:attachment":[{"href":"https:\/\/www.caririemacao.com\/1\/wp-json\/wp\/v2\/media?parent=146081"}],"wp:term":[{"taxonomy":"category","embeddable":true,"href":"https:\/\/www.caririemacao.com\/1\/wp-json\/wp\/v2\/categories?post=146081"},{"taxonomy":"post_tag","embeddable":true,"href":"https:\/\/www.caririemacao.com\/1\/wp-json\/wp\/v2\/tags?post=146081"}],"curies":[{"name":"wp","href":"https:\/\/api.w.org\/{rel}","templated":true}]}}