{"id":146102,"date":"2020-01-11T15:04:54","date_gmt":"2020-01-11T18:04:54","guid":{"rendered":"http:\/\/www.caririemacao.com\/1\/?p=146102"},"modified":"2020-01-11T15:04:54","modified_gmt":"2020-01-11T18:04:54","slug":"campanha-janeiro-branco-combate-adoecimento-emocional-das-pessoas","status":"publish","type":"post","link":"https:\/\/www.caririemacao.com\/1\/2020\/01\/11\/campanha-janeiro-branco-combate-adoecimento-emocional-das-pessoas\/","title":{"rendered":"Campanha Janeiro Branco combate adoecimento emocional das pessoas"},"content":{"rendered":"\n<p><br>Apsic\u00f3loga Ana Caroline, especialista em sa\u00fade mental, falou sobre a Campanha Janeiro Branco, que surgiu no ano de 2014 em Minas Gerais e se estendeu por todo o Brasil.<\/p>\n\n\n\n<p>Durante entrevista concedida a uma emissora de r\u00e1dio local, Caroline explicou que a campanha tem o objetivo de pautar os assuntos referentes \u00e0 sa\u00fade mental do indiv\u00edduo.<\/p>\n\n\n\n<p>\u2013 Ela quer quebrar paradigmas, quer educar a nossa popula\u00e7\u00e3o a pensar de uma forma diferente a sa\u00fade mental. Se parar para pensar, tem o preconceito voltado para a sa\u00fade mental e para o cuidado com a sa\u00fade mental do indiv\u00edduo \u2013 disse Caroline.<\/p>\n\n\n\n<figure class=\"wp-block-image\"><img decoding=\"async\" data-src=\"https:\/\/paraibaonline.com.br\/wp-content\/uploads\/2020\/01\/janeiro-branco1101.jpg\" alt=\"Foto ilustrativa: Reprodu\u00e7\u00e3o\" class=\"wp-image-830337 lazyload\" src=\"data:image\/svg+xml;base64,PHN2ZyB3aWR0aD0iMSIgaGVpZ2h0PSIxIiB4bWxucz0iaHR0cDovL3d3dy53My5vcmcvMjAwMC9zdmciPjwvc3ZnPg==\" \/><\/figure>\n\n\n\n<p>Foto ilustrativa: Reprodu\u00e7\u00e3o<\/p>\n\n\n\n<p>Um dos principais objetivos da Campanha Janeiro Branco \u00e9&nbsp;combater o adoecimento emocional das pessoas.<\/p>\n\n\n\n<p>A escolha do m\u00eas de janeiro \u00e9 estrat\u00e9gica, pois o come\u00e7o do ano pode gerar ansiedade pelo desejo de cumprir as metas dos 12 meses seguintes.<\/p>\n","protected":false},"excerpt":{"rendered":"<p>Apsic\u00f3loga Ana Caroline, especialista em sa\u00fade mental, falou sobre a Campanha Janeiro Branco, que surgiu no ano de 2014 em Minas Gerais e se estendeu&hellip; <\/p>\n","protected":false},"author":1,"featured_media":146103,"comment_status":"closed","ping_status":"closed","sticky":false,"template":"","format":"standard","meta":{"sfsi_plus_gutenberg_text_before_share":"","sfsi_plus_gutenberg_show_text_before_share":"","sfsi_plus_gutenberg_icon_type":"","sfsi_plus_gutenberg_icon_alignemt":"","sfsi_plus_gutenburg_max_per_row":"","footnotes":""},"categories":[50,16],"tags":[],"class_list":["post-146102","post","type-post","status-publish","format-standard","has-post-thumbnail","hentry","category-destaque","category-saude"],"_links":{"self":[{"href":"https:\/\/www.caririemacao.com\/1\/wp-json\/wp\/v2\/posts\/146102","targetHints":{"allow":["GET"]}}],"collection":[{"href":"https:\/\/www.caririemacao.com\/1\/wp-json\/wp\/v2\/posts"}],"about":[{"href":"https:\/\/www.caririemacao.com\/1\/wp-json\/wp\/v2\/types\/post"}],"author":[{"embeddable":true,"href":"https:\/\/www.caririemacao.com\/1\/wp-json\/wp\/v2\/users\/1"}],"replies":[{"embeddable":true,"href":"https:\/\/www.caririemacao.com\/1\/wp-json\/wp\/v2\/comments?post=146102"}],"version-history":[{"count":1,"href":"https:\/\/www.caririemacao.com\/1\/wp-json\/wp\/v2\/posts\/146102\/revisions"}],"predecessor-version":[{"id":146104,"href":"https:\/\/www.caririemacao.com\/1\/wp-json\/wp\/v2\/posts\/146102\/revisions\/146104"}],"wp:featuredmedia":[{"embeddable":true,"href":"https:\/\/www.caririemacao.com\/1\/wp-json\/wp\/v2\/media\/146103"}],"wp:attachment":[{"href":"https:\/\/www.caririemacao.com\/1\/wp-json\/wp\/v2\/media?parent=146102"}],"wp:term":[{"taxonomy":"category","embeddable":true,"href":"https:\/\/www.caririemacao.com\/1\/wp-json\/wp\/v2\/categories?post=146102"},{"taxonomy":"post_tag","embeddable":true,"href":"https:\/\/www.caririemacao.com\/1\/wp-json\/wp\/v2\/tags?post=146102"}],"curies":[{"name":"wp","href":"https:\/\/api.w.org\/{rel}","templated":true}]}}