{"id":146131,"date":"2020-01-12T08:27:22","date_gmt":"2020-01-12T11:27:22","guid":{"rendered":"http:\/\/www.caririemacao.com\/1\/?p=146131"},"modified":"2020-01-12T08:27:22","modified_gmt":"2020-01-12T11:27:22","slug":"em-sentenca-juiz-de-ms-diz-que-xingar-guardas-municipais-de-bosta-nao-e-desacato-e-pode-ser-ate-elogio","status":"publish","type":"post","link":"https:\/\/www.caririemacao.com\/1\/2020\/01\/12\/em-sentenca-juiz-de-ms-diz-que-xingar-guardas-municipais-de-bosta-nao-e-desacato-e-pode-ser-ate-elogio\/","title":{"rendered":"Em senten\u00e7a, juiz de MS diz que xingar guardas municipais de \u2018bosta\u2019 n\u00e3o \u00e9 desacato e pode ser at\u00e9 elogio"},"content":{"rendered":"\n<p>Decis\u00e3o \u00e9 de processo movido pelo MP-MS contra homem que teve moto apreendida por guardas municipais de Dourados porque n\u00e3o tinha habilita\u00e7\u00e3o e reagiu xingando os servidores p\u00fablicos.<\/p>\n\n\n\n<p>Na senten\u00e7a de um processo por desacato em que um homem era acusado de xingar de \u201cbosta\u201d guardas municipais de Dourados, em Mato Grosso do Sul, o juiz considerou que o uso da palavra n\u00e3o representava desacato para os agentes p\u00fablicos e que dependendo da conota\u00e7\u00e3o e de como foi empregado o termo poderia ser at\u00e9 um \u201celogio\u201d, \u201calgo positivo\u201d.<\/p>\n\n\n\n<p>O G1 entrou em contato com Tribunal de Justi\u00e7a de Mato Grosso do Sul (TJ-MS) que informou que o caso \u00e9 jurisdicional, a opini\u00e3o \u00e9 pessoal do juiz e que n\u00e3o emitir\u00e1 manifesta\u00e7\u00e3o a respeito.<\/p>\n\n\n\n<p>J\u00e1 o comandante da Guarda Municipal de Dourados, Divaldo Machado, apontou que a institui\u00e7\u00e3o entende que o juiz pode despachar a senten\u00e7a incriminando ou absolvendo o r\u00e9u da forma que entender, por\u00e9m n\u00e3o concorda que o termo \u201cbosta\u201d n\u00e3o seja uma ofensa ou n\u00e3o seja pejorativo como ele disse na senten\u00e7a.<\/p>\n\n\n\n<p>Machado comenta que a institui\u00e7\u00e3o j\u00e1 se manifestou desse modo para o Minist\u00e9rio P\u00fablico Estadual (MP-MS), reiterando que n\u00e3o concorda que o termo \u201cbosta\u201d seja um elogio e que um promotor de Justi\u00e7a vai recorrer da decis\u00e3o do juiz.<\/p>\n\n\n\n<p>A a\u00e7\u00e3o<\/p>\n\n\n\n<p>O processo contra o homem acusado de desacatar os guardas foi encaminhado a Justi\u00e7a pelo MP-MS em novembro de 2018. Segundo a den\u00fancia, em 13 de outubro do mesmo ano o acusado foi flagrado por guardas municipais conduzindo uma moto sem habilita\u00e7\u00e3o.<\/p>\n\n\n\n<p>Os guardas apreenderam a moto e o homem, conforme a den\u00fancia teria resistido e os xingado de \u201cbosta\u201d, o que motivou o processo contra ele por resist\u00eancia e desacato.<\/p>\n\n\n\n<p>No julgamento da a\u00e7\u00e3o, o juiz absolveu o r\u00e9u da acusa\u00e7\u00e3o de resist\u00eancia, apontando que n\u00e3o haveria provas desse crime e tamb\u00e9m da acusa\u00e7\u00e3o de desacato, mesmo com o homem, confessando em interrogat\u00f3rio por v\u00eddeo que tinha xingado os guardas e justificando as ofensas alegando que ficou \u201cnervoso\u201d com a apreens\u00e3o do seu ve\u00edculo.<\/p>\n\n\n\n<figure class=\"wp-block-image\"><img decoding=\"async\" data-src=\"https:\/\/www.clickpb.com.br\/media\/filer_public\/cb\/94\/cb94021d-c141-4b5a-a2af-cf492b0e675b\/decisao-justica-destacada.jpg\" alt=\"\" src=\"data:image\/svg+xml;base64,PHN2ZyB3aWR0aD0iMSIgaGVpZ2h0PSIxIiB4bWxucz0iaHR0cDovL3d3dy53My5vcmcvMjAwMC9zdmciPjwvc3ZnPg==\" class=\"lazyload\" \/><\/figure>\n\n\n\n<p>Na senten\u00e7a, o juiz Caio M\u00e1rcio de Brito, da 1\u00aa Vara do Juizado Especial C\u00edvel e Criminal, disse que o fato de os guardas terem se sentido desacatados ao serem xingados de \u201cbosta\u201d \u201c\u00e9 ter a certeza de que se sentem sem nenhuma relev\u00e2ncia em rela\u00e7\u00e3o \u00e0s suas honradas fun\u00e7\u00f5es, a ponto de entenderem que o simples pronunciamento da palavra \u2018bosta\u2019 pudesse ser t\u00e3o ofensivo\u201d.<\/p>\n\n\n\n<p>O magistrado destaca ainda que ser chamado de \u201cbosta\u201d, dependendo da conota\u00e7\u00e3o pode ser at\u00e9 um elogio, porque o termo poder ser visto como \u201cfertilizante, portanto, algo positivo\u201d. Avan\u00e7a ainda comentando que a palavra pode ser encarada tamb\u00e9m como um \u201cobjeto ou at\u00e9 um avi\u00e3o\u201d, e exemplificou sua coloca\u00e7\u00e3o: \u201cQuando se diz: esta \u2018bosta\u2019 voa? Ou utilizando de forma coloquial, quando se diz, a vida est\u00e1 uma \u2018bosta\u2019\u201d.<\/p>\n\n\n\n<p>O juiz diz que em nenhum dos exemplos que citou, a palavra pode ser traduzida como um desacato, com uma ofensa ao exerc\u00edcio da fun\u00e7\u00e3o ou a pr\u00f3pria institui\u00e7\u00e3o Guarda Municipal.&nbsp;<\/p>\n\n\n\n<p>Ele argumenta que se os guardas que fizeram o flagrante se sentiram t\u00e3o ofendidos, caberia a eles, por iniciativa pr\u00f3pria, ingressarem com queixa-crime contra o acusado por inj\u00faria.<\/p>\n\n\n\n<p>A senten\u00e7a \u00e9 de setembro de 2019.<\/p>\n","protected":false},"excerpt":{"rendered":"<p>Decis\u00e3o \u00e9 de processo movido pelo MP-MS contra homem que teve moto apreendida por guardas municipais de Dourados porque n\u00e3o tinha habilita\u00e7\u00e3o e reagiu xingando&hellip; <\/p>\n","protected":false},"author":1,"featured_media":146133,"comment_status":"closed","ping_status":"closed","sticky":false,"template":"","format":"standard","meta":{"sfsi_plus_gutenberg_text_before_share":"","sfsi_plus_gutenberg_show_text_before_share":"","sfsi_plus_gutenberg_icon_type":"","sfsi_plus_gutenberg_icon_alignemt":"","sfsi_plus_gutenburg_max_per_row":"","footnotes":""},"categories":[2],"tags":[],"class_list":["post-146131","post","type-post","status-publish","format-standard","has-post-thumbnail","hentry","category-geral"],"_links":{"self":[{"href":"https:\/\/www.caririemacao.com\/1\/wp-json\/wp\/v2\/posts\/146131","targetHints":{"allow":["GET"]}}],"collection":[{"href":"https:\/\/www.caririemacao.com\/1\/wp-json\/wp\/v2\/posts"}],"about":[{"href":"https:\/\/www.caririemacao.com\/1\/wp-json\/wp\/v2\/types\/post"}],"author":[{"embeddable":true,"href":"https:\/\/www.caririemacao.com\/1\/wp-json\/wp\/v2\/users\/1"}],"replies":[{"embeddable":true,"href":"https:\/\/www.caririemacao.com\/1\/wp-json\/wp\/v2\/comments?post=146131"}],"version-history":[{"count":1,"href":"https:\/\/www.caririemacao.com\/1\/wp-json\/wp\/v2\/posts\/146131\/revisions"}],"predecessor-version":[{"id":146134,"href":"https:\/\/www.caririemacao.com\/1\/wp-json\/wp\/v2\/posts\/146131\/revisions\/146134"}],"wp:featuredmedia":[{"embeddable":true,"href":"https:\/\/www.caririemacao.com\/1\/wp-json\/wp\/v2\/media\/146133"}],"wp:attachment":[{"href":"https:\/\/www.caririemacao.com\/1\/wp-json\/wp\/v2\/media?parent=146131"}],"wp:term":[{"taxonomy":"category","embeddable":true,"href":"https:\/\/www.caririemacao.com\/1\/wp-json\/wp\/v2\/categories?post=146131"},{"taxonomy":"post_tag","embeddable":true,"href":"https:\/\/www.caririemacao.com\/1\/wp-json\/wp\/v2\/tags?post=146131"}],"curies":[{"name":"wp","href":"https:\/\/api.w.org\/{rel}","templated":true}]}}