{"id":146139,"date":"2020-01-12T08:31:41","date_gmt":"2020-01-12T11:31:41","guid":{"rendered":"http:\/\/www.caririemacao.com\/1\/?p=146139"},"modified":"2020-01-12T08:31:41","modified_gmt":"2020-01-12T11:31:41","slug":"poluidor-deve-ser-obrigado-a-ressarcir-cofres-publicos-diz-projeto","status":"publish","type":"post","link":"https:\/\/www.caririemacao.com\/1\/2020\/01\/12\/poluidor-deve-ser-obrigado-a-ressarcir-cofres-publicos-diz-projeto\/","title":{"rendered":"Poluidor deve ser obrigado a ressarcir cofres p\u00fablicos, diz projeto"},"content":{"rendered":"\n<p>Projeto de Lei 1396\/19, do Senado, obriga o agente poluidor a ressarcir a Uni\u00e3o, o estado ou munic\u00edpio de despesas decorrentes de opera\u00e7\u00f5es envolvendo for\u00e7as policiais, corpo de bombeiros ou outros \u00f3rg\u00e3os p\u00fablicos envolvidos no enfrentamento de dano ambiental e humanit\u00e1rio gerado.<\/p>\n\n\n\n<p>Atualmente, a&nbsp;Lei da Pol\u00edtica Nacional de Meio Ambiente&nbsp;j\u00e1 responsabiliza o agente poluidor e exige dele a repara\u00e7\u00e3o do dano ambiental, material e pessoal causado.<\/p>\n\n\n\n<p>O projeto, no entanto, passa a cobrar dos respons\u00e1veis por desastres ambientais tamb\u00e9m os custos da mobiliza\u00e7\u00e3o dos servi\u00e7os p\u00fablicos envolvidos nessas opera\u00e7\u00f5es. O objetivo \u00e9 compensar o ente federativo que assumir essa tarefa.<\/p>\n\n\n\n<figure class=\"wp-block-image\"><img decoding=\"async\" data-src=\"https:\/\/www.camara.leg.br\/midias\/image\/2019\/08\/img201607211122234094324-768x511.jpg\" alt=\"Para\u00edba Online \u2022 Poluidor deve ser obrigado a ressarcir cofres p\u00fablicos, diz projeto\" src=\"data:image\/svg+xml;base64,PHN2ZyB3aWR0aD0iMSIgaGVpZ2h0PSIxIiB4bWxucz0iaHR0cDovL3d3dy53My5vcmcvMjAwMC9zdmciPjwvc3ZnPg==\" class=\"lazyload\" style=\"--smush-placeholder-width: 768px; --smush-placeholder-aspect-ratio: 768\/511;\" \/><\/figure>\n\n\n\n<p>Foto: Tomaz Silva\/Ag\u00eancia BrasilO c\u00e1lculo do ressarcimento levar\u00e1 em conta a quantidade de colaboradores, ve\u00edculos, equipamentos e materiais alocados pelo poder p\u00fablico.<\/p>\n\n\n\n<p>Entre os gastos a serem ressarcidos est\u00e3o:<br>\u2013 hora de trabalho dos agentes p\u00fablicos, inclusive terceirizados, direta ou indiretamente envolvidos;<br>\u2013 aquisi\u00e7\u00e3o, reposi\u00e7\u00e3o, manuten\u00e7\u00e3o e abastecimento de ve\u00edculos e equipamentos utilizados;<br>\u2013 despesas m\u00e9dico-hospitalares;<br>\u2013 constru\u00e7\u00e3o ou uso de estruturas p\u00fablicas;<br>\u2013 &nbsp;obras e servi\u00e7os necess\u00e1rios para mitiga\u00e7\u00e3o e monitoramento dos danos ambientais e \u00e0 sa\u00fade humana; entre outros.<\/p>\n\n\n\n<p><strong>Tramita\u00e7\u00e3o<\/strong><br>O projeto ser\u00e1 analisado em&nbsp;car\u00e1ter conclusivo&nbsp;pelas comiss\u00f5es de &nbsp;Meio Ambiente e Desenvolvimento Sustent\u00e1vel; de Finan\u00e7as e Tributa\u00e7\u00e3o; e de Constitui\u00e7\u00e3o e Justi\u00e7a e de Cidadania.<\/p>\n","protected":false},"excerpt":{"rendered":"<p>Projeto de Lei 1396\/19, do Senado, obriga o agente poluidor a ressarcir a Uni\u00e3o, o estado ou munic\u00edpio de despesas decorrentes de opera\u00e7\u00f5es envolvendo for\u00e7as&hellip; <\/p>\n","protected":false},"author":1,"featured_media":15851,"comment_status":"closed","ping_status":"closed","sticky":false,"template":"","format":"standard","meta":{"sfsi_plus_gutenberg_text_before_share":"","sfsi_plus_gutenberg_show_text_before_share":"","sfsi_plus_gutenberg_icon_type":"","sfsi_plus_gutenberg_icon_alignemt":"","sfsi_plus_gutenburg_max_per_row":"","footnotes":""},"categories":[2],"tags":[],"class_list":["post-146139","post","type-post","status-publish","format-standard","has-post-thumbnail","hentry","category-geral"],"_links":{"self":[{"href":"https:\/\/www.caririemacao.com\/1\/wp-json\/wp\/v2\/posts\/146139","targetHints":{"allow":["GET"]}}],"collection":[{"href":"https:\/\/www.caririemacao.com\/1\/wp-json\/wp\/v2\/posts"}],"about":[{"href":"https:\/\/www.caririemacao.com\/1\/wp-json\/wp\/v2\/types\/post"}],"author":[{"embeddable":true,"href":"https:\/\/www.caririemacao.com\/1\/wp-json\/wp\/v2\/users\/1"}],"replies":[{"embeddable":true,"href":"https:\/\/www.caririemacao.com\/1\/wp-json\/wp\/v2\/comments?post=146139"}],"version-history":[{"count":1,"href":"https:\/\/www.caririemacao.com\/1\/wp-json\/wp\/v2\/posts\/146139\/revisions"}],"predecessor-version":[{"id":146141,"href":"https:\/\/www.caririemacao.com\/1\/wp-json\/wp\/v2\/posts\/146139\/revisions\/146141"}],"wp:featuredmedia":[{"embeddable":true,"href":"https:\/\/www.caririemacao.com\/1\/wp-json\/wp\/v2\/media\/15851"}],"wp:attachment":[{"href":"https:\/\/www.caririemacao.com\/1\/wp-json\/wp\/v2\/media?parent=146139"}],"wp:term":[{"taxonomy":"category","embeddable":true,"href":"https:\/\/www.caririemacao.com\/1\/wp-json\/wp\/v2\/categories?post=146139"},{"taxonomy":"post_tag","embeddable":true,"href":"https:\/\/www.caririemacao.com\/1\/wp-json\/wp\/v2\/tags?post=146139"}],"curies":[{"name":"wp","href":"https:\/\/api.w.org\/{rel}","templated":true}]}}