{"id":146145,"date":"2020-01-12T08:33:32","date_gmt":"2020-01-12T11:33:32","guid":{"rendered":"http:\/\/www.caririemacao.com\/1\/?p=146145"},"modified":"2020-01-12T08:33:32","modified_gmt":"2020-01-12T11:33:32","slug":"pastor-diz-que-governo-bolsonaro-nao-deve-subsidiar-energia-eletrica-de-igrejas","status":"publish","type":"post","link":"https:\/\/www.caririemacao.com\/1\/2020\/01\/12\/pastor-diz-que-governo-bolsonaro-nao-deve-subsidiar-energia-eletrica-de-igrejas\/","title":{"rendered":"Pastor diz que Governo Bolsonaro n\u00e3o deve subsidiar energia el\u00e9trica de igrejas"},"content":{"rendered":"\n<p>O pastor e jornalista Gomes Silva, paraibano de Picu\u00ed, disse neste s\u00e1bado (11) ser contr\u00e1rio o subs\u00eddio da energia el\u00e9trica usada pelas&nbsp;<a href=\"https:\/\/paraibaonline.com.br\/2020\/01\/igrejas-pressionam-bolsonaro-para-o-nao-pagamento-de-taxas\/\">igrejas evang\u00e9licas<\/a>&nbsp;por parte do Governo Federal. Ele disse que a igreja n\u00e3o pode e nem deve ser mantida pelo Estado.<\/p>\n\n\n\n<p>Aquele jornalista, que se considera de \u201cdireita\u201d, afirmou que at\u00e9 hoje as igrejas pagam suas contas de \u00e1gua e luz com dinheiro arrecado com d\u00edzimos e ofertas e n\u00e3o podem mudar.<\/p>\n\n\n\n<p>\u201cApesar de algumas igrejas j\u00e1 terem passado por situa\u00e7\u00f5es dif\u00edceis, chegando a ter o fornecimento de \u00e1gua e de energia el\u00e9trica suspenso, o pagamento deve ser, sempre, de responsabilidade da igreja mediante os d\u00edzimos e as ofertas recebidas de seus fi\u00e9is\u201d, disse o pastor.<\/p>\n\n\n\n<p>Divulgador das a\u00e7\u00f5es do atual governo brasileiro e admirador do presidente Jair Bolsonaro, Gomes Silva chamou a aten\u00e7\u00e3o para \u201co perigo de as igrejas passarem a receber subs\u00eddios do Governo Federal\u201d.<\/p>\n\n\n\n<p>\u201cA partir do momento que o governo passar a subsidiar a energia das igrejas passa a ter influ\u00eancia na administra\u00e7\u00e3o da mesma, causando um problema seri\u00edssimo, pois a pr\u00f3pria Constitui\u00e7\u00e3o de 1988, sobre tal assunto, assim diz: Art. 19 \u2013 \u00c9 vedado \u00e0 Uni\u00e3o, aos Estados, ao Distrito Federal e aos Munic\u00edpios: I \u2013 estabelecer cultos religiosos ou igrejas, subvencion\u00e1-los, embara\u00e7ar-lhes o funcionamento ou manter com eles ou seus representantes rela\u00e7\u00f5es de depend\u00eancia ou alian\u00e7a, ressalvada, na forma da lei, a colabora\u00e7\u00e3o de interesse p\u00fablico\u201d.<\/p>\n\n\n\n<p>\u201cO que o pode e deve ser feito\u201d, segundo o pastor Gomes Silva, \u201c\u00e9 o Governo Federal d\u00e1 incentivo \u00e0s igrejas atrav\u00e9s das associa\u00e7\u00f5es para elas trabalharem na recupera\u00e7\u00e3o de vidas, a exemplo de drogados, meninos de rua, prostitutas e tantos outros que hoje s\u00e3o alijados da sociedade e que queiram ajuda nesse sentido\u201d.<\/p>\n\n\n\n<p>O jornalista-pastor disse que tem admira\u00e7\u00e3o pelo presidente Jair Bolsonaro, em quem votou, vota e apoia, mas n\u00e3o concorda com o subs\u00eddio da energia el\u00e9trica para as igrejas, que deve continuar sendo de responsabilidade dos seus membros. E ainda mais: \u201cEssa posi\u00e7\u00e3o pode desgast\u00e1-lo muito diante perante \u00e0 opini\u00e3o p\u00fablica\u201d.<\/p>\n","protected":false},"excerpt":{"rendered":"<p>O pastor e jornalista Gomes Silva, paraibano de Picu\u00ed, disse neste s\u00e1bado (11) ser contr\u00e1rio o subs\u00eddio da energia el\u00e9trica usada pelas&nbsp;igrejas evang\u00e9licas&nbsp;por parte do&hellip; <\/p>\n","protected":false},"author":1,"featured_media":146148,"comment_status":"closed","ping_status":"closed","sticky":false,"template":"","format":"standard","meta":{"sfsi_plus_gutenberg_text_before_share":"","sfsi_plus_gutenberg_show_text_before_share":"","sfsi_plus_gutenberg_icon_type":"","sfsi_plus_gutenberg_icon_alignemt":"","sfsi_plus_gutenburg_max_per_row":"","footnotes":""},"categories":[11],"tags":[],"class_list":["post-146145","post","type-post","status-publish","format-standard","has-post-thumbnail","hentry","category-politica"],"_links":{"self":[{"href":"https:\/\/www.caririemacao.com\/1\/wp-json\/wp\/v2\/posts\/146145","targetHints":{"allow":["GET"]}}],"collection":[{"href":"https:\/\/www.caririemacao.com\/1\/wp-json\/wp\/v2\/posts"}],"about":[{"href":"https:\/\/www.caririemacao.com\/1\/wp-json\/wp\/v2\/types\/post"}],"author":[{"embeddable":true,"href":"https:\/\/www.caririemacao.com\/1\/wp-json\/wp\/v2\/users\/1"}],"replies":[{"embeddable":true,"href":"https:\/\/www.caririemacao.com\/1\/wp-json\/wp\/v2\/comments?post=146145"}],"version-history":[{"count":1,"href":"https:\/\/www.caririemacao.com\/1\/wp-json\/wp\/v2\/posts\/146145\/revisions"}],"predecessor-version":[{"id":146149,"href":"https:\/\/www.caririemacao.com\/1\/wp-json\/wp\/v2\/posts\/146145\/revisions\/146149"}],"wp:featuredmedia":[{"embeddable":true,"href":"https:\/\/www.caririemacao.com\/1\/wp-json\/wp\/v2\/media\/146148"}],"wp:attachment":[{"href":"https:\/\/www.caririemacao.com\/1\/wp-json\/wp\/v2\/media?parent=146145"}],"wp:term":[{"taxonomy":"category","embeddable":true,"href":"https:\/\/www.caririemacao.com\/1\/wp-json\/wp\/v2\/categories?post=146145"},{"taxonomy":"post_tag","embeddable":true,"href":"https:\/\/www.caririemacao.com\/1\/wp-json\/wp\/v2\/tags?post=146145"}],"curies":[{"name":"wp","href":"https:\/\/api.w.org\/{rel}","templated":true}]}}