{"id":146151,"date":"2020-01-12T08:34:52","date_gmt":"2020-01-12T11:34:52","guid":{"rendered":"http:\/\/www.caririemacao.com\/1\/?p=146151"},"modified":"2020-01-12T08:34:52","modified_gmt":"2020-01-12T11:34:52","slug":"pessoa-com-deficiencia-podera-ser-considerada-idosa-a-partir-dos-50-anos","status":"publish","type":"post","link":"https:\/\/www.caririemacao.com\/1\/2020\/01\/12\/pessoa-com-deficiencia-podera-ser-considerada-idosa-a-partir-dos-50-anos\/","title":{"rendered":"Pessoa com defici\u00eancia poder\u00e1 ser considerada idosa a partir dos 50 anos"},"content":{"rendered":"\n<p>A pessoa com defici\u00eancia poder\u00e1 ser considerada idosa a partir dos 50 anos de idade. \u00c9 o que prev\u00ea projeto de lei (PL 401\/2019) do deputado Eduardo Barbosa (PSDB-MG), j\u00e1 aprovado pela C\u00e2mara dos Deputados e pela Comiss\u00e3o de Assuntos Sociais (CAS) do Senado.<\/p>\n\n\n\n<p>O senador Fl\u00e1vio Arns (Rede-PR), relator da mat\u00e9ria na CAS, considera a proposta justa, uma vez que essas pessoas t\u00eam envelhecimento precoce. Ele observa, por\u00e9m, que cada pessoa nessa condi\u00e7\u00e3o dever\u00e1 ser avaliada individualmente, de forma multidisciplinar.<\/p>\n\n\n\n<p>O projeto aguarda a escolha do relator na Comiss\u00e3o de Direitos Humanos e Legisla\u00e7\u00e3o Participativa (CDH).<\/p>\n","protected":false},"excerpt":{"rendered":"<p>A pessoa com defici\u00eancia poder\u00e1 ser considerada idosa a partir dos 50 anos de idade. \u00c9 o que prev\u00ea projeto de lei (PL 401\/2019) do&hellip; <\/p>\n","protected":false},"author":1,"featured_media":146153,"comment_status":"closed","ping_status":"closed","sticky":false,"template":"","format":"standard","meta":{"sfsi_plus_gutenberg_text_before_share":"","sfsi_plus_gutenberg_show_text_before_share":"","sfsi_plus_gutenberg_icon_type":"","sfsi_plus_gutenberg_icon_alignemt":"","sfsi_plus_gutenburg_max_per_row":"","footnotes":""},"categories":[2],"tags":[],"class_list":["post-146151","post","type-post","status-publish","format-standard","has-post-thumbnail","hentry","category-geral"],"_links":{"self":[{"href":"https:\/\/www.caririemacao.com\/1\/wp-json\/wp\/v2\/posts\/146151","targetHints":{"allow":["GET"]}}],"collection":[{"href":"https:\/\/www.caririemacao.com\/1\/wp-json\/wp\/v2\/posts"}],"about":[{"href":"https:\/\/www.caririemacao.com\/1\/wp-json\/wp\/v2\/types\/post"}],"author":[{"embeddable":true,"href":"https:\/\/www.caririemacao.com\/1\/wp-json\/wp\/v2\/users\/1"}],"replies":[{"embeddable":true,"href":"https:\/\/www.caririemacao.com\/1\/wp-json\/wp\/v2\/comments?post=146151"}],"version-history":[{"count":1,"href":"https:\/\/www.caririemacao.com\/1\/wp-json\/wp\/v2\/posts\/146151\/revisions"}],"predecessor-version":[{"id":146154,"href":"https:\/\/www.caririemacao.com\/1\/wp-json\/wp\/v2\/posts\/146151\/revisions\/146154"}],"wp:featuredmedia":[{"embeddable":true,"href":"https:\/\/www.caririemacao.com\/1\/wp-json\/wp\/v2\/media\/146153"}],"wp:attachment":[{"href":"https:\/\/www.caririemacao.com\/1\/wp-json\/wp\/v2\/media?parent=146151"}],"wp:term":[{"taxonomy":"category","embeddable":true,"href":"https:\/\/www.caririemacao.com\/1\/wp-json\/wp\/v2\/categories?post=146151"},{"taxonomy":"post_tag","embeddable":true,"href":"https:\/\/www.caririemacao.com\/1\/wp-json\/wp\/v2\/tags?post=146151"}],"curies":[{"name":"wp","href":"https:\/\/api.w.org\/{rel}","templated":true}]}}