{"id":146165,"date":"2020-01-12T08:42:08","date_gmt":"2020-01-12T11:42:08","guid":{"rendered":"http:\/\/www.caririemacao.com\/1\/?p=146165"},"modified":"2020-01-12T08:42:08","modified_gmt":"2020-01-12T11:42:08","slug":"confira-a-previsao-do-tempo-para-este-domingo-em-toda-paraiba-14","status":"publish","type":"post","link":"https:\/\/www.caririemacao.com\/1\/2020\/01\/12\/confira-a-previsao-do-tempo-para-este-domingo-em-toda-paraiba-14\/","title":{"rendered":"Confira a previs\u00e3o do tempo para este domingo em toda Para\u00edba"},"content":{"rendered":"\n<p>Permanecem as condi\u00e7\u00f5es de reduzida nebulosidade sobre o estado da Para\u00edba. Assim, apenas chuvas pontuais poder\u00e3o ser registradas no setor oeste do Estado.<\/p>\n\n\n\n<figure class=\"wp-block-image\"><img decoding=\"async\" data-src=\"https:\/\/paraibaonline.com.br\/wp-content\/uploads\/2020\/01\/tempo1201-567x339.jpg\" alt=\"Para\u00edba Online \u2022 Confira a previs\u00e3o do tempo para este domingo em toda Para\u00edba\" class=\"wp-image-830404 lazyload\" src=\"data:image\/svg+xml;base64,PHN2ZyB3aWR0aD0iMSIgaGVpZ2h0PSIxIiB4bWxucz0iaHR0cDovL3d3dy53My5vcmcvMjAwMC9zdmciPjwvc3ZnPg==\" style=\"--smush-placeholder-width: 567px; --smush-placeholder-aspect-ratio: 567\/339;\" \/><\/figure>\n\n\n\n<p>* Fonte: Aesa<\/p>\n","protected":false},"excerpt":{"rendered":"<p>Permanecem as condi\u00e7\u00f5es de reduzida nebulosidade sobre o estado da Para\u00edba. Assim, apenas chuvas pontuais poder\u00e3o ser registradas no setor oeste do Estado. * Fonte:&hellip; <\/p>\n","protected":false},"author":1,"featured_media":62056,"comment_status":"closed","ping_status":"closed","sticky":false,"template":"","format":"standard","meta":{"sfsi_plus_gutenberg_text_before_share":"","sfsi_plus_gutenberg_show_text_before_share":"","sfsi_plus_gutenberg_icon_type":"","sfsi_plus_gutenberg_icon_alignemt":"","sfsi_plus_gutenburg_max_per_row":"","footnotes":""},"categories":[6],"tags":[],"class_list":["post-146165","post","type-post","status-publish","format-standard","has-post-thumbnail","hentry","category-cidades"],"_links":{"self":[{"href":"https:\/\/www.caririemacao.com\/1\/wp-json\/wp\/v2\/posts\/146165","targetHints":{"allow":["GET"]}}],"collection":[{"href":"https:\/\/www.caririemacao.com\/1\/wp-json\/wp\/v2\/posts"}],"about":[{"href":"https:\/\/www.caririemacao.com\/1\/wp-json\/wp\/v2\/types\/post"}],"author":[{"embeddable":true,"href":"https:\/\/www.caririemacao.com\/1\/wp-json\/wp\/v2\/users\/1"}],"replies":[{"embeddable":true,"href":"https:\/\/www.caririemacao.com\/1\/wp-json\/wp\/v2\/comments?post=146165"}],"version-history":[{"count":1,"href":"https:\/\/www.caririemacao.com\/1\/wp-json\/wp\/v2\/posts\/146165\/revisions"}],"predecessor-version":[{"id":146167,"href":"https:\/\/www.caririemacao.com\/1\/wp-json\/wp\/v2\/posts\/146165\/revisions\/146167"}],"wp:featuredmedia":[{"embeddable":true,"href":"https:\/\/www.caririemacao.com\/1\/wp-json\/wp\/v2\/media\/62056"}],"wp:attachment":[{"href":"https:\/\/www.caririemacao.com\/1\/wp-json\/wp\/v2\/media?parent=146165"}],"wp:term":[{"taxonomy":"category","embeddable":true,"href":"https:\/\/www.caririemacao.com\/1\/wp-json\/wp\/v2\/categories?post=146165"},{"taxonomy":"post_tag","embeddable":true,"href":"https:\/\/www.caririemacao.com\/1\/wp-json\/wp\/v2\/tags?post=146165"}],"curies":[{"name":"wp","href":"https:\/\/api.w.org\/{rel}","templated":true}]}}