{"id":146174,"date":"2020-01-12T10:37:02","date_gmt":"2020-01-12T13:37:02","guid":{"rendered":"http:\/\/www.caririemacao.com\/1\/?p=146174"},"modified":"2020-01-12T10:37:02","modified_gmt":"2020-01-12T13:37:02","slug":"quatro-trechos-de-praias-do-litoral-paraibano-estao-improprios-para-banho","status":"publish","type":"post","link":"https:\/\/www.caririemacao.com\/1\/2020\/01\/12\/quatro-trechos-de-praias-do-litoral-paraibano-estao-improprios-para-banho\/","title":{"rendered":"Quatro trechos de praias do litoral paraibano est\u00e3o impr\u00f3prios para banho"},"content":{"rendered":"\n<p>Os banhistas devem evitar quatro trechos de praias do Litoral da Para\u00edba neste fim de semana. As informa\u00e7\u00f5es s\u00e3o do levantamento da Superintend\u00eancia de Administra\u00e7\u00e3o do Meio Ambiente (Sudema).<\/p>\n\n\n\n<p>A orienta\u00e7\u00e3o geral da Sudema \u00e9 que os banhistas evitem trechos de praias localizados em \u00e1reas frontais a desembocaduras de galerias de \u00e1guas pluviais, principalmente se houver ind\u00edcio de escoamento recente.<\/p>\n\n\n\n<p>Veja abaixo os trechos de praias que devem ser evitados:<\/p>\n\n\n\n<p>Praia de Mana\u00edra, em frente \u00e0 quadra de Mana\u00edra;<br>Praia de Mana\u00edra, no final da Av. Ruy Carneiro;<br>Praia de Cabo Branco, em frente \u00e0 rotat\u00f3ria do Cabo Branco;<br>Praia do Arraial, em frente \u00e0 desembocadura do Rio Cui\u00e1<\/p>\n","protected":false},"excerpt":{"rendered":"<p>Os banhistas devem evitar quatro trechos de praias do Litoral da Para\u00edba neste fim de semana. As informa\u00e7\u00f5es s\u00e3o do levantamento da Superintend\u00eancia de Administra\u00e7\u00e3o&hellip; <\/p>\n","protected":false},"author":1,"featured_media":146176,"comment_status":"closed","ping_status":"closed","sticky":false,"template":"","format":"standard","meta":{"sfsi_plus_gutenberg_text_before_share":"","sfsi_plus_gutenberg_show_text_before_share":"","sfsi_plus_gutenberg_icon_type":"","sfsi_plus_gutenberg_icon_alignemt":"","sfsi_plus_gutenburg_max_per_row":"","footnotes":""},"categories":[2],"tags":[],"class_list":["post-146174","post","type-post","status-publish","format-standard","has-post-thumbnail","hentry","category-geral"],"_links":{"self":[{"href":"https:\/\/www.caririemacao.com\/1\/wp-json\/wp\/v2\/posts\/146174","targetHints":{"allow":["GET"]}}],"collection":[{"href":"https:\/\/www.caririemacao.com\/1\/wp-json\/wp\/v2\/posts"}],"about":[{"href":"https:\/\/www.caririemacao.com\/1\/wp-json\/wp\/v2\/types\/post"}],"author":[{"embeddable":true,"href":"https:\/\/www.caririemacao.com\/1\/wp-json\/wp\/v2\/users\/1"}],"replies":[{"embeddable":true,"href":"https:\/\/www.caririemacao.com\/1\/wp-json\/wp\/v2\/comments?post=146174"}],"version-history":[{"count":1,"href":"https:\/\/www.caririemacao.com\/1\/wp-json\/wp\/v2\/posts\/146174\/revisions"}],"predecessor-version":[{"id":146177,"href":"https:\/\/www.caririemacao.com\/1\/wp-json\/wp\/v2\/posts\/146174\/revisions\/146177"}],"wp:featuredmedia":[{"embeddable":true,"href":"https:\/\/www.caririemacao.com\/1\/wp-json\/wp\/v2\/media\/146176"}],"wp:attachment":[{"href":"https:\/\/www.caririemacao.com\/1\/wp-json\/wp\/v2\/media?parent=146174"}],"wp:term":[{"taxonomy":"category","embeddable":true,"href":"https:\/\/www.caririemacao.com\/1\/wp-json\/wp\/v2\/categories?post=146174"},{"taxonomy":"post_tag","embeddable":true,"href":"https:\/\/www.caririemacao.com\/1\/wp-json\/wp\/v2\/tags?post=146174"}],"curies":[{"name":"wp","href":"https:\/\/api.w.org\/{rel}","templated":true}]}}