{"id":146183,"date":"2020-01-12T10:39:31","date_gmt":"2020-01-12T13:39:31","guid":{"rendered":"http:\/\/www.caririemacao.com\/1\/?p=146183"},"modified":"2020-01-12T10:39:31","modified_gmt":"2020-01-12T13:39:31","slug":"mourao-reinaugura-terca-feira-base-brasileira-na-antartica","status":"publish","type":"post","link":"https:\/\/www.caririemacao.com\/1\/2020\/01\/12\/mourao-reinaugura-terca-feira-base-brasileira-na-antartica\/","title":{"rendered":"Mour\u00e3o reinaugura ter\u00e7a-feira base brasileira na Ant\u00e1rtica"},"content":{"rendered":"\n<p>O vice-presidente Hamilton Mour\u00e3o embarca nesta segunda-feira (13) com destino \u00e0 Ant\u00e1rtica, onde ser\u00e1 o principal representante do governo brasileiro na reinaugura\u00e7\u00e3o da Esta\u00e7\u00e3o Comandante Ferraz, base de pesquisa do pa\u00eds no continente.O novo pr\u00e9dio, que fica na ilha Rei George, na Bahia do Almirantado, est\u00e1 sendo erguido ao lado da atual base, que tem estrutura provis\u00f3ria. A inaugura\u00e7\u00e3o oficial ser\u00e1 na ter\u00e7a-feira (14).A Esta\u00e7\u00e3o Comandante Ferraz foi criada em 1984, mas em 2012 sofreu um inc\u00eandio de grande propor\u00e7\u00f5es. Na ocasi\u00e3o, dois militares morreram e 70% das suas instala\u00e7\u00f5es foram perdidas. O governo federal investiu cerca de US$ 100 milh\u00f5es na obra, e a unidade recebeu os equipamentos mais avan\u00e7ados do mundo. No local, pesquisadores v\u00e3o realizar estudos nas \u00e1reas de biologia, oceanografia, glaciologia, meteorologia e antropologia.&#8221;[A esta\u00e7\u00e3o]&nbsp; vai dar melhores condi\u00e7\u00f5es de trabalho aos nossos pesquisadores, vai manter nossa presen\u00e7a no trabalho que est\u00e1 sendo feito pela comunidade cient\u00edfica internacional, de buscar respostas e avan\u00e7os no conhecimento, na tecnologia, outras \u00e1reas que s\u00e3o pesquisadas l\u00e1. Ao mesmo tempo, permite que a Marinha fa\u00e7a um adestramento em termos de log\u00edstica, em termos de deslocamento em \u00e1guas, que n\u00e3o s\u00e3o t\u00e3o tranquilas assim. N\u00f3s, do governo Bolsonaro, vemos com extrema satisfa\u00e7\u00e3o este momento de reinaugurarmos a Esta\u00e7\u00e3o Comandante Ferraz e darmos uma nova roupagem ao trabalho de pesquisa que est\u00e1 sendo realizado l\u00e1&#8221;, afirmou o vice-presidente, em&nbsp;<a href=\"https:\/\/www.youtube.com\/watch?v=Q1YGMa5ebgo&amp;feature=youtu.be\">entrevista exclusiva<\/a>&nbsp;\u00e0&nbsp;<strong>Empresa Brasil de Comunica\u00e7\u00e3o<\/strong>&nbsp;(<strong>EBC<\/strong>).<\/p>\n\n\n\n<figure class=\"wp-block-image\"><img fetchpriority=\"high\" decoding=\"async\" width=\"300\" height=\"173\" src=\"http:\/\/www.caririemacao.com\/1\/wp-content\/uploads\/2020\/01\/image-1.jpeg\" alt=\"\" class=\"wp-image-146186\"\/><\/figure>\n\n\n\n<p>Esta\u00e7\u00e3o Comandante Ferraz na Ant\u00e1rtica &#8211; Mauricio de Almeida &#8211; TV BrasilPara chegar \u00e0 Ant\u00e1rtica, a comitiva do vice-presidente embarca em Bras\u00edlia e faz uma primeira parada na cidade de Punta Arenas, extremo sul do Chile. De l\u00e1, embarcam novamente, desta vez em um avi\u00e3o H\u00e9rcules C-130 da For\u00e7a A\u00e9rea Brasileira (FAB), \u00fanico tipo de aeronave usada para chegar ao continente gelado, j\u00e1 que \u00e9 mais preparada para pousos e decolagens nas pistas do local. O voo de Punta Arenas at\u00e9 a Ant\u00e1rtica dura cerca de tr\u00eas horas. A aterrissagem ocorre nas proximidades da esta\u00e7\u00e3o chilena. De l\u00e1, o vice-presidente e assessores seguem de helic\u00f3ptero at\u00e9 a esta\u00e7\u00e3o brasileira. A previs\u00e3o \u00e9 que o vice-presidente durma na Ant\u00e1rtica na noite do dia 14 e retorne no dia seguinte a Punta Arenas, para ent\u00e3o retornar ao Brasil.&nbsp;Inicialmente, a previs\u00e3o era que o presidente Jair Bolsonaro participasse da reinaugura\u00e7\u00e3o da Esta\u00e7\u00e3o Ant\u00e1rtica Comandante Ferraz, mas, por recomenda\u00e7\u00f5es m\u00e9dicas, o chefe do Executivo desistiu da viagem e delegou a ida ao vice-presidente.<br>Esta\u00e7\u00e3o Ant\u00e1rticaOcupando uma \u00e1rea de 4,5 mil metros quadrados, a esta\u00e7\u00e3o poder\u00e1 hospedar 64 pessoas, segundo a Marinha. O novo centro de pesquisas vai contar com 17 laborat\u00f3rios. Cientistas da Fiocruz, por exemplo, est\u00e3o entre os primeiros a trabalhar na nova esta\u00e7\u00e3o, desenvolvendo pesquisas na \u00e1rea de microbiologia, a partir da an\u00e1lise de fungos que s\u00f3 existem na Ant\u00e1rtica, e no poder medicinal desses micro-organismos. A Ag\u00eancia Internacional de Energia At\u00f4mica (Aeia) tamb\u00e9m j\u00e1 confirmou que vai desenvolver projetos meteorol\u00f3gicos na base brasileira.Para ficar acima da densa camada de neve que se forma no inverno, o pr\u00e9dio recebeu uma estrutura elevada. Os pilares de sustenta\u00e7\u00e3o pesam at\u00e9 70 toneladas e deixam o centro de pesquisa a mais de tr\u00eas metros do solo. Os quartos da base, com duas camas e banheiros, abrigar\u00e3o pesquisadores e militares. A esta\u00e7\u00e3o tamb\u00e9m tem uma sala de v\u00eddeo, locais para reuni\u00f5es, academia de gin\u00e1stica, cozinha e um ambulat\u00f3rio para emerg\u00eancias.&nbsp;Em todas as unidades da base foram instaladas portas corta-fogo e colocados sensores de fuma\u00e7a e alarmes de inc\u00eandio. Nas salas onde ficam m\u00e1quinas e geradores, as paredes s\u00e3o feitas de material ultrarresistente. No caso de um inc\u00eandio, elas conseguem suportar o fogo durante duas horas e n\u00e3o permitem que ele se espalhe por outros locais antes da chegada do esquadr\u00e3o anti-inc\u00eandio.&nbsp;A esta\u00e7\u00e3o tem ainda uma usina e\u00f3lica que aproveita os ventos ant\u00e1rticos. Placas para captar energia solar tamb\u00e9m foram instaladas na base e v\u00e3o gerar energia, principalmente no ver\u00e3o, quando o sol na Ant\u00e1rtica brilha mais de 20 horas por dia.O projeto de reconstru\u00e7\u00e3o da esta\u00e7\u00e3o \u00e9 todo brasileiro e come\u00e7ou a ser executado em 2017 pela empresa China Electronics Import and Export Corporation, que venceu a licita\u00e7\u00e3o do governo. A companhia de engenharia precisou dividir a obra em tr\u00eas etapas, porque entre os meses de abril e outubro \u00e9 imposs\u00edvel realizar qualquer atividade externa na Ant\u00e1rtica devido ao frio intenso, \u00e0s tempestades de neve e aos ventos fortes. Por causa disso, os chineses constru\u00edram os m\u00f3dulos na China durante o inverno e transportaram para a Ant\u00e1rtica nos ver\u00f5es de 2017, 2018 e 2019, a fim de fazer a instala\u00e7\u00e3o.&nbsp;<\/p>\n","protected":false},"excerpt":{"rendered":"<p>O vice-presidente Hamilton Mour\u00e3o embarca nesta segunda-feira (13) com destino \u00e0 Ant\u00e1rtica, onde ser\u00e1 o principal representante do governo brasileiro na reinaugura\u00e7\u00e3o da Esta\u00e7\u00e3o Comandante&hellip; <\/p>\n","protected":false},"author":1,"featured_media":146186,"comment_status":"closed","ping_status":"closed","sticky":false,"template":"","format":"standard","meta":{"sfsi_plus_gutenberg_text_before_share":"","sfsi_plus_gutenberg_show_text_before_share":"","sfsi_plus_gutenberg_icon_type":"","sfsi_plus_gutenberg_icon_alignemt":"","sfsi_plus_gutenburg_max_per_row":"","footnotes":""},"categories":[2],"tags":[],"class_list":["post-146183","post","type-post","status-publish","format-standard","has-post-thumbnail","hentry","category-geral"],"_links":{"self":[{"href":"https:\/\/www.caririemacao.com\/1\/wp-json\/wp\/v2\/posts\/146183","targetHints":{"allow":["GET"]}}],"collection":[{"href":"https:\/\/www.caririemacao.com\/1\/wp-json\/wp\/v2\/posts"}],"about":[{"href":"https:\/\/www.caririemacao.com\/1\/wp-json\/wp\/v2\/types\/post"}],"author":[{"embeddable":true,"href":"https:\/\/www.caririemacao.com\/1\/wp-json\/wp\/v2\/users\/1"}],"replies":[{"embeddable":true,"href":"https:\/\/www.caririemacao.com\/1\/wp-json\/wp\/v2\/comments?post=146183"}],"version-history":[{"count":1,"href":"https:\/\/www.caririemacao.com\/1\/wp-json\/wp\/v2\/posts\/146183\/revisions"}],"predecessor-version":[{"id":146187,"href":"https:\/\/www.caririemacao.com\/1\/wp-json\/wp\/v2\/posts\/146183\/revisions\/146187"}],"wp:featuredmedia":[{"embeddable":true,"href":"https:\/\/www.caririemacao.com\/1\/wp-json\/wp\/v2\/media\/146186"}],"wp:attachment":[{"href":"https:\/\/www.caririemacao.com\/1\/wp-json\/wp\/v2\/media?parent=146183"}],"wp:term":[{"taxonomy":"category","embeddable":true,"href":"https:\/\/www.caririemacao.com\/1\/wp-json\/wp\/v2\/categories?post=146183"},{"taxonomy":"post_tag","embeddable":true,"href":"https:\/\/www.caririemacao.com\/1\/wp-json\/wp\/v2\/tags?post=146183"}],"curies":[{"name":"wp","href":"https:\/\/api.w.org\/{rel}","templated":true}]}}