{"id":146194,"date":"2020-01-12T12:06:28","date_gmt":"2020-01-12T15:06:28","guid":{"rendered":"http:\/\/www.caririemacao.com\/1\/?p=146194"},"modified":"2020-01-12T12:06:28","modified_gmt":"2020-01-12T15:06:28","slug":"prefeito-sandro-moco-prestigia-posse-dos-novos-conselheiros-tutelares-de-camalau","status":"publish","type":"post","link":"https:\/\/www.caririemacao.com\/1\/2020\/01\/12\/prefeito-sandro-moco-prestigia-posse-dos-novos-conselheiros-tutelares-de-camalau\/","title":{"rendered":"Prefeito Sandro M\u00f4co prestigia posse dos novos conselheiros tutelares de Camala\u00fa"},"content":{"rendered":"\n<p>O Prefeito de Camala\u00fa prestigiou nesta sexta feira, 11, a\u00a0\u00a0posse dos novos conselheiros tutelares do munic\u00edpio eleitos no ano passado.<\/p>\n\n\n\n<p>O evento contou tamb\u00e9m com a presen\u00e7a de vereadores, ex conselheiros, secret\u00e1rios municipais, e principalmente familiares e amigos dos conselheiros eleitos.<\/p>\n\n\n\n<p>Os novos conselheiros tutelares de Camala\u00fa s\u00e3o:<\/p>\n\n\n\n<p>POETA MAURICELIO<\/p>\n\n\n\n<p>AMIR ROG\u00c9RIO<\/p>\n\n\n\n<p>ERNANDO AVELINO<\/p>\n\n\n\n<p>WELTON BARROS  <\/p>\n\n\n\n<p>ERIKA<\/p>\n\n\n\n<p>Eles ter\u00e3o um mandato de 04 anos. Na cerimonia, prefeito de Camala\u00fa\u00a0\u00a0reafirmou o apoio do governo municipal ao conselho em todas as suas a\u00e7\u00f5es necess\u00e1rias.<\/p>\n\n\n\n<p>\u201c A nossa gest\u00e3o n\u00e3o medir\u00e1 esfor\u00e7os para colaborar com a verdadeira miss\u00e3o dos novos conselheiros, dando total apoio em tudo que estiver ao nosso alcance\u201d, disse Sandro M\u00f4co.<\/p>\n\n\n\n<p><strong>F\u00c1BIO BRITO<\/strong><\/p>\n","protected":false},"excerpt":{"rendered":"<p>O Prefeito de Camala\u00fa prestigiou nesta sexta feira, 11, a\u00a0\u00a0posse dos novos conselheiros tutelares do munic\u00edpio eleitos no ano passado. O evento contou tamb\u00e9m com&hellip; <\/p>\n","protected":false},"author":2,"featured_media":146195,"comment_status":"closed","ping_status":"closed","sticky":false,"template":"","format":"standard","meta":{"sfsi_plus_gutenberg_text_before_share":"","sfsi_plus_gutenberg_show_text_before_share":"","sfsi_plus_gutenberg_icon_type":"","sfsi_plus_gutenberg_icon_alignemt":"","sfsi_plus_gutenburg_max_per_row":"","footnotes":""},"categories":[6,50],"tags":[],"class_list":["post-146194","post","type-post","status-publish","format-standard","has-post-thumbnail","hentry","category-cidades","category-destaque"],"_links":{"self":[{"href":"https:\/\/www.caririemacao.com\/1\/wp-json\/wp\/v2\/posts\/146194","targetHints":{"allow":["GET"]}}],"collection":[{"href":"https:\/\/www.caririemacao.com\/1\/wp-json\/wp\/v2\/posts"}],"about":[{"href":"https:\/\/www.caririemacao.com\/1\/wp-json\/wp\/v2\/types\/post"}],"author":[{"embeddable":true,"href":"https:\/\/www.caririemacao.com\/1\/wp-json\/wp\/v2\/users\/2"}],"replies":[{"embeddable":true,"href":"https:\/\/www.caririemacao.com\/1\/wp-json\/wp\/v2\/comments?post=146194"}],"version-history":[{"count":1,"href":"https:\/\/www.caririemacao.com\/1\/wp-json\/wp\/v2\/posts\/146194\/revisions"}],"predecessor-version":[{"id":146196,"href":"https:\/\/www.caririemacao.com\/1\/wp-json\/wp\/v2\/posts\/146194\/revisions\/146196"}],"wp:featuredmedia":[{"embeddable":true,"href":"https:\/\/www.caririemacao.com\/1\/wp-json\/wp\/v2\/media\/146195"}],"wp:attachment":[{"href":"https:\/\/www.caririemacao.com\/1\/wp-json\/wp\/v2\/media?parent=146194"}],"wp:term":[{"taxonomy":"category","embeddable":true,"href":"https:\/\/www.caririemacao.com\/1\/wp-json\/wp\/v2\/categories?post=146194"},{"taxonomy":"post_tag","embeddable":true,"href":"https:\/\/www.caririemacao.com\/1\/wp-json\/wp\/v2\/tags?post=146194"}],"curies":[{"name":"wp","href":"https:\/\/api.w.org\/{rel}","templated":true}]}}