{"id":146197,"date":"2020-01-12T12:38:27","date_gmt":"2020-01-12T15:38:27","guid":{"rendered":"http:\/\/www.caririemacao.com\/1\/?p=146197"},"modified":"2020-01-12T12:57:21","modified_gmt":"2020-01-12T15:57:21","slug":"chegada-de-imagem-e-missa-solene-marcam-abertura-da-festa-de-sao-sebastiao-do-umbuzeiro","status":"publish","type":"post","link":"https:\/\/www.caririemacao.com\/1\/2020\/01\/12\/chegada-de-imagem-e-missa-solene-marcam-abertura-da-festa-de-sao-sebastiao-do-umbuzeiro\/","title":{"rendered":"Chegada de imagem e Missa Solene marcam abertura da Festa de S\u00e3o Sebasti\u00e3o do Umbuzeiro; VEJA FOTOS"},"content":{"rendered":"\n<p>A cidade de S\u00e3o Sebasti\u00e3o do Umbuzeiro j\u00e1 est\u00e1 no clima da 108\u00aa Festa de S\u00e3o Sebasti\u00e3o, e neste s\u00e1bado, dia 11, recebeu a imagem do padroeiro vinda do munic\u00edpio de Zabel\u00ea.<\/p>\n\n\n\n<p>A imagem foi enviada logo ap\u00f3s a Missa Solene realizada na Igreja de Nossa Senhora das Dores. De l\u00e1, fi\u00e9is seguiram com a imagem destino a S\u00e3o Sebasti\u00e3o do Umbuzeiro.<\/p>\n\n\n\n<figure class=\"wp-block-image\"><img fetchpriority=\"high\" decoding=\"async\" width=\"1024\" height=\"683\" src=\"http:\/\/www.caririemacao.com\/1\/wp-content\/uploads\/2020\/01\/DSC_0411-1024x683.jpg\" alt=\"\" class=\"wp-image-146206\" srcset=\"https:\/\/www.caririemacao.com\/1\/wp-content\/uploads\/2020\/01\/DSC_0411-1024x683.jpg 1024w, https:\/\/www.caririemacao.com\/1\/wp-content\/uploads\/2020\/01\/DSC_0411-300x200.jpg 300w, https:\/\/www.caririemacao.com\/1\/wp-content\/uploads\/2020\/01\/DSC_0411-768x512.jpg 768w, https:\/\/www.caririemacao.com\/1\/wp-content\/uploads\/2020\/01\/DSC_0411.jpg 1600w\" sizes=\"(max-width: 1024px) 100vw, 1024px\" \/><\/figure>\n\n\n\n<p> Ao chegar em S\u00e3o Sebasti\u00e3o do Umbuzeiro a imagem foi entregue a comunidade local e seguiram em prociss\u00e3o at\u00e9 a igreja, acompanhada pela banda de m\u00fasica.<\/p>\n\n\n\n<figure class=\"wp-block-image\"><img decoding=\"async\" width=\"1024\" height=\"683\" data-src=\"http:\/\/www.caririemacao.com\/1\/wp-content\/uploads\/2020\/01\/DSC_0417-1024x683.jpg\" alt=\"\" class=\"wp-image-146202 lazyload\" data-srcset=\"https:\/\/www.caririemacao.com\/1\/wp-content\/uploads\/2020\/01\/DSC_0417-1024x683.jpg 1024w, https:\/\/www.caririemacao.com\/1\/wp-content\/uploads\/2020\/01\/DSC_0417-300x200.jpg 300w, https:\/\/www.caririemacao.com\/1\/wp-content\/uploads\/2020\/01\/DSC_0417-768x512.jpg 768w, https:\/\/www.caririemacao.com\/1\/wp-content\/uploads\/2020\/01\/DSC_0417.jpg 1600w\" data-sizes=\"(max-width: 1024px) 100vw, 1024px\" src=\"data:image\/svg+xml;base64,PHN2ZyB3aWR0aD0iMSIgaGVpZ2h0PSIxIiB4bWxucz0iaHR0cDovL3d3dy53My5vcmcvMjAwMC9zdmciPjwvc3ZnPg==\" style=\"--smush-placeholder-width: 1024px; --smush-placeholder-aspect-ratio: 1024\/683;\" \/><\/figure>\n\n\n\n<p>Dando continuidade, foi realizada a Missa Solene concelebrada pelos Marcos Souza, p\u00e1roco da cidade, e pelo Jo\u00e3o Jorge Rietveld, p\u00e1roco da Par\u00f3quia de Nossa Senhora da Concei\u00e7\u00e3o de Cabaceiras.<\/p>\n\n\n\n<p><a href=\"https:\/\/www.facebook.com\/pg\/CaririEmAcao\/photos\/?tab=album&amp;album_id=1777119719090710\">CLIQUE AQUI E VEJA AS FOTOS.<\/a><\/p>\n\n\n\n<p>\n\nA noite foi dedicada ao ter\u00e7o dos homens e recebeu diversas caravanas de cidades da Para\u00edba e Pernambuco.\n\n<\/p>\n\n\n\n<figure class=\"wp-block-image\"><img decoding=\"async\" width=\"1024\" height=\"683\" data-src=\"http:\/\/www.caririemacao.com\/1\/wp-content\/uploads\/2020\/01\/DSC_0256-1024x683.jpg\" alt=\"\" class=\"wp-image-146200 lazyload\" data-srcset=\"https:\/\/www.caririemacao.com\/1\/wp-content\/uploads\/2020\/01\/DSC_0256-1024x683.jpg 1024w, https:\/\/www.caririemacao.com\/1\/wp-content\/uploads\/2020\/01\/DSC_0256-300x200.jpg 300w, https:\/\/www.caririemacao.com\/1\/wp-content\/uploads\/2020\/01\/DSC_0256-768x512.jpg 768w, https:\/\/www.caririemacao.com\/1\/wp-content\/uploads\/2020\/01\/DSC_0256.jpg 1600w\" data-sizes=\"(max-width: 1024px) 100vw, 1024px\" src=\"data:image\/svg+xml;base64,PHN2ZyB3aWR0aD0iMSIgaGVpZ2h0PSIxIiB4bWxucz0iaHR0cDovL3d3dy53My5vcmcvMjAwMC9zdmciPjwvc3ZnPg==\" style=\"--smush-placeholder-width: 1024px; --smush-placeholder-aspect-ratio: 1024\/683;\" \/><\/figure>\n\n\n\n<p>O prefeito Adriano Wolff esteve presente comentou da imagem de S\u00e3o Sebasti\u00e3o que mede 2,5 metros e ser\u00e1 colocado no in\u00edcio da cidade em homenagem ao padroeiro da cidade.<\/p>\n\n\n\n<p><a href=\"https:\/\/www.facebook.com\/pg\/CaririEmAcao\/photos\/?tab=album&amp;album_id=1777119719090710\">CLIQUE AQUI E VEJA AS FOTOS.<\/a><\/p>\n\n\n\n<figure class=\"wp-block-image\"><img decoding=\"async\" width=\"1024\" height=\"683\" data-src=\"http:\/\/www.caririemacao.com\/1\/wp-content\/uploads\/2020\/01\/DSC_0452-1024x683.jpg\" alt=\"\" class=\"wp-image-146203 lazyload\" data-srcset=\"https:\/\/www.caririemacao.com\/1\/wp-content\/uploads\/2020\/01\/DSC_0452-1024x683.jpg 1024w, https:\/\/www.caririemacao.com\/1\/wp-content\/uploads\/2020\/01\/DSC_0452-300x200.jpg 300w, https:\/\/www.caririemacao.com\/1\/wp-content\/uploads\/2020\/01\/DSC_0452-768x512.jpg 768w, https:\/\/www.caririemacao.com\/1\/wp-content\/uploads\/2020\/01\/DSC_0452.jpg 1600w\" data-sizes=\"(max-width: 1024px) 100vw, 1024px\" src=\"data:image\/svg+xml;base64,PHN2ZyB3aWR0aD0iMSIgaGVpZ2h0PSIxIiB4bWxucz0iaHR0cDovL3d3dy53My5vcmcvMjAwMC9zdmciPjwvc3ZnPg==\" style=\"--smush-placeholder-width: 1024px; --smush-placeholder-aspect-ratio: 1024\/683;\" \/><\/figure>\n\n\n\n<figure class=\"wp-block-image\"><img decoding=\"async\" width=\"1024\" height=\"683\" data-src=\"http:\/\/www.caririemacao.com\/1\/wp-content\/uploads\/2020\/01\/DSC_0307-1024x683.jpg\" alt=\"\" class=\"wp-image-146204 lazyload\" data-srcset=\"https:\/\/www.caririemacao.com\/1\/wp-content\/uploads\/2020\/01\/DSC_0307-1024x683.jpg 1024w, https:\/\/www.caririemacao.com\/1\/wp-content\/uploads\/2020\/01\/DSC_0307-300x200.jpg 300w, https:\/\/www.caririemacao.com\/1\/wp-content\/uploads\/2020\/01\/DSC_0307-768x512.jpg 768w, https:\/\/www.caririemacao.com\/1\/wp-content\/uploads\/2020\/01\/DSC_0307.jpg 1600w\" data-sizes=\"(max-width: 1024px) 100vw, 1024px\" src=\"data:image\/svg+xml;base64,PHN2ZyB3aWR0aD0iMSIgaGVpZ2h0PSIxIiB4bWxucz0iaHR0cDovL3d3dy53My5vcmcvMjAwMC9zdmciPjwvc3ZnPg==\" style=\"--smush-placeholder-width: 1024px; --smush-placeholder-aspect-ratio: 1024\/683;\" \/><\/figure>\n\n\n\n<p><strong>Programa\u00e7\u00e3o Social<\/strong><\/p>\n\n\n\n<p>Ap\u00f3s a programa\u00e7\u00e3o religiosa deste s\u00e1bado (11), foi dada in\u00edcio\na programa\u00e7\u00e3o social que contou com o show do cantor Laerte Lins. <\/p>\n\n\n\n<p>Vale lembrar que a programa\u00e7\u00e3o tem o total apoio Prefeitura Municipal na Pra\u00e7a de Eventos.<\/p>\n\n\n\n<p><a href=\"https:\/\/www.facebook.com\/pg\/CaririEmAcao\/photos\/?tab=album&amp;album_id=1777119719090710\">CLIQUE AQUI E VEJA AS FOTOS.<\/a><\/p>\n","protected":false},"excerpt":{"rendered":"<p>A cidade de S\u00e3o Sebasti\u00e3o do Umbuzeiro j\u00e1 est\u00e1 no clima da 108\u00aa Festa de S\u00e3o Sebasti\u00e3o, e neste s\u00e1bado, dia 11, recebeu a imagem&hellip; <\/p>\n","protected":false},"author":2,"featured_media":146198,"comment_status":"closed","ping_status":"closed","sticky":false,"template":"","format":"standard","meta":{"sfsi_plus_gutenberg_text_before_share":"","sfsi_plus_gutenberg_show_text_before_share":"","sfsi_plus_gutenberg_icon_type":"","sfsi_plus_gutenberg_icon_alignemt":"","sfsi_plus_gutenburg_max_per_row":"","footnotes":""},"categories":[6,50],"tags":[],"class_list":["post-146197","post","type-post","status-publish","format-standard","has-post-thumbnail","hentry","category-cidades","category-destaque"],"_links":{"self":[{"href":"https:\/\/www.caririemacao.com\/1\/wp-json\/wp\/v2\/posts\/146197","targetHints":{"allow":["GET"]}}],"collection":[{"href":"https:\/\/www.caririemacao.com\/1\/wp-json\/wp\/v2\/posts"}],"about":[{"href":"https:\/\/www.caririemacao.com\/1\/wp-json\/wp\/v2\/types\/post"}],"author":[{"embeddable":true,"href":"https:\/\/www.caririemacao.com\/1\/wp-json\/wp\/v2\/users\/2"}],"replies":[{"embeddable":true,"href":"https:\/\/www.caririemacao.com\/1\/wp-json\/wp\/v2\/comments?post=146197"}],"version-history":[{"count":3,"href":"https:\/\/www.caririemacao.com\/1\/wp-json\/wp\/v2\/posts\/146197\/revisions"}],"predecessor-version":[{"id":146215,"href":"https:\/\/www.caririemacao.com\/1\/wp-json\/wp\/v2\/posts\/146197\/revisions\/146215"}],"wp:featuredmedia":[{"embeddable":true,"href":"https:\/\/www.caririemacao.com\/1\/wp-json\/wp\/v2\/media\/146198"}],"wp:attachment":[{"href":"https:\/\/www.caririemacao.com\/1\/wp-json\/wp\/v2\/media?parent=146197"}],"wp:term":[{"taxonomy":"category","embeddable":true,"href":"https:\/\/www.caririemacao.com\/1\/wp-json\/wp\/v2\/categories?post=146197"},{"taxonomy":"post_tag","embeddable":true,"href":"https:\/\/www.caririemacao.com\/1\/wp-json\/wp\/v2\/tags?post=146197"}],"curies":[{"name":"wp","href":"https:\/\/api.w.org\/{rel}","templated":true}]}}