{"id":146208,"date":"2020-01-12T12:53:44","date_gmt":"2020-01-12T15:53:44","guid":{"rendered":"http:\/\/www.caririemacao.com\/1\/?p=146208"},"modified":"2020-01-12T12:54:44","modified_gmt":"2020-01-12T15:54:44","slug":"bom-demais-supermercado-sorteia-5-mil-reais-e-varios-premios","status":"publish","type":"post","link":"https:\/\/www.caririemacao.com\/1\/2020\/01\/12\/bom-demais-supermercado-sorteia-5-mil-reais-e-varios-premios\/","title":{"rendered":"Bom Demais Supermercado sorteia 5 mil reais e v\u00e1rios pr\u00eamios"},"content":{"rendered":"\n<p>O sorteio do Bom Demais Supermercado foi realizado na noite\ndeste s\u00e1bado, dia 11, e contou com a presen\u00e7a dos empres\u00e1rios M\u00e1rio e Sandra e\numa multid\u00e3o de clientes que acompanharam o sorteio.<\/p>\n\n\n\n<p>Foram sorteados 5 mil reais, 10 vale compra de 200 reais cada, totalizando 2 mil reais, e v\u00e1rios outros pr\u00eamios.<\/p>\n\n\n\n<figure class=\"wp-block-image\"><img fetchpriority=\"high\" decoding=\"async\" width=\"1024\" height=\"683\" src=\"http:\/\/www.caririemacao.com\/1\/wp-content\/uploads\/2020\/01\/DSC_0189-1024x683.jpg\" alt=\"\" class=\"wp-image-146210\" srcset=\"https:\/\/www.caririemacao.com\/1\/wp-content\/uploads\/2020\/01\/DSC_0189-1024x683.jpg 1024w, https:\/\/www.caririemacao.com\/1\/wp-content\/uploads\/2020\/01\/DSC_0189-300x200.jpg 300w, https:\/\/www.caririemacao.com\/1\/wp-content\/uploads\/2020\/01\/DSC_0189-768x512.jpg 768w, https:\/\/www.caririemacao.com\/1\/wp-content\/uploads\/2020\/01\/DSC_0189.jpg 1600w\" sizes=\"(max-width: 1024px) 100vw, 1024px\" \/><\/figure>\n\n\n\n<p>No final, M\u00e1rio do Bom Demais lembrou que as pessoas continuem comprando e preenchendo seus cupons porque dia 21 de mar\u00e7o haver\u00e1 o sorteio de 01 carro 0km e 07 motos 0km. <\/p>\n\n\n\n<figure class=\"wp-block-image\"><img decoding=\"async\" width=\"1024\" height=\"683\" data-src=\"http:\/\/www.caririemacao.com\/1\/wp-content\/uploads\/2020\/01\/DSC_0163-1024x683.jpg\" alt=\"\" class=\"wp-image-146211 lazyload\" data-srcset=\"https:\/\/www.caririemacao.com\/1\/wp-content\/uploads\/2020\/01\/DSC_0163-1024x683.jpg 1024w, https:\/\/www.caririemacao.com\/1\/wp-content\/uploads\/2020\/01\/DSC_0163-300x200.jpg 300w, https:\/\/www.caririemacao.com\/1\/wp-content\/uploads\/2020\/01\/DSC_0163-768x512.jpg 768w, https:\/\/www.caririemacao.com\/1\/wp-content\/uploads\/2020\/01\/DSC_0163.jpg 1600w\" data-sizes=\"(max-width: 1024px) 100vw, 1024px\" src=\"data:image\/svg+xml;base64,PHN2ZyB3aWR0aD0iMSIgaGVpZ2h0PSIxIiB4bWxucz0iaHR0cDovL3d3dy53My5vcmcvMjAwMC9zdmciPjwvc3ZnPg==\" style=\"--smush-placeholder-width: 1024px; --smush-placeholder-aspect-ratio: 1024\/683;\" \/><\/figure>\n\n\n\n<p>\u201cO 3\u00ba Show de Pr\u00eamios do Bom Demais Supermercado ser\u00e1 a maior premia\u00e7\u00e3o j\u00e1 vista na regi\u00e3o! N\u00e3o perca tempo, aproveite as melhores ofertas e concorra a pr\u00eamios incr\u00edveis!\u201d, ressaltou.\u2800<\/p>\n\n\n\n<p>VEJA FOTOS DO SORTEIO. <a href=\"https:\/\/www.facebook.com\/pg\/CaririEmAcao\/photos\/?tab=album&amp;album_id=1777147079087974\">CLIQUE AQUI.<\/a><\/p>\n","protected":false},"excerpt":{"rendered":"<p>O sorteio do Bom Demais Supermercado foi realizado na noite deste s\u00e1bado, dia 11, e contou com a presen\u00e7a dos empres\u00e1rios M\u00e1rio e Sandra e&hellip; <\/p>\n","protected":false},"author":2,"featured_media":146209,"comment_status":"closed","ping_status":"closed","sticky":false,"template":"","format":"standard","meta":{"sfsi_plus_gutenberg_text_before_share":"","sfsi_plus_gutenberg_show_text_before_share":"","sfsi_plus_gutenberg_icon_type":"","sfsi_plus_gutenberg_icon_alignemt":"","sfsi_plus_gutenburg_max_per_row":"","footnotes":""},"categories":[50,2],"tags":[],"class_list":["post-146208","post","type-post","status-publish","format-standard","has-post-thumbnail","hentry","category-destaque","category-geral"],"_links":{"self":[{"href":"https:\/\/www.caririemacao.com\/1\/wp-json\/wp\/v2\/posts\/146208","targetHints":{"allow":["GET"]}}],"collection":[{"href":"https:\/\/www.caririemacao.com\/1\/wp-json\/wp\/v2\/posts"}],"about":[{"href":"https:\/\/www.caririemacao.com\/1\/wp-json\/wp\/v2\/types\/post"}],"author":[{"embeddable":true,"href":"https:\/\/www.caririemacao.com\/1\/wp-json\/wp\/v2\/users\/2"}],"replies":[{"embeddable":true,"href":"https:\/\/www.caririemacao.com\/1\/wp-json\/wp\/v2\/comments?post=146208"}],"version-history":[{"count":3,"href":"https:\/\/www.caririemacao.com\/1\/wp-json\/wp\/v2\/posts\/146208\/revisions"}],"predecessor-version":[{"id":146214,"href":"https:\/\/www.caririemacao.com\/1\/wp-json\/wp\/v2\/posts\/146208\/revisions\/146214"}],"wp:featuredmedia":[{"embeddable":true,"href":"https:\/\/www.caririemacao.com\/1\/wp-json\/wp\/v2\/media\/146209"}],"wp:attachment":[{"href":"https:\/\/www.caririemacao.com\/1\/wp-json\/wp\/v2\/media?parent=146208"}],"wp:term":[{"taxonomy":"category","embeddable":true,"href":"https:\/\/www.caririemacao.com\/1\/wp-json\/wp\/v2\/categories?post=146208"},{"taxonomy":"post_tag","embeddable":true,"href":"https:\/\/www.caririemacao.com\/1\/wp-json\/wp\/v2\/tags?post=146208"}],"curies":[{"name":"wp","href":"https:\/\/api.w.org\/{rel}","templated":true}]}}