{"id":146216,"date":"2020-01-12T14:50:42","date_gmt":"2020-01-12T17:50:42","guid":{"rendered":"http:\/\/www.caririemacao.com\/1\/?p=146216"},"modified":"2020-01-12T14:50:42","modified_gmt":"2020-01-12T17:50:42","slug":"deputado-moacir-rodrigues-apresenta-projeto-do-ramal-do-cariri","status":"publish","type":"post","link":"https:\/\/www.caririemacao.com\/1\/2020\/01\/12\/deputado-moacir-rodrigues-apresenta-projeto-do-ramal-do-cariri\/","title":{"rendered":"Deputado Moacir Rodrigues apresenta Projeto do Ramal do Cariri"},"content":{"rendered":"\n<p>O deputado Estadual Moacir Rodrigues apresentou na Assembleia Legislativa da Para\u00edba, o Projeto do Ramal do Cariri, que consiste na interliga\u00e7\u00e3o da transposi\u00e7\u00e3o em seu eixo leste, localizado no munic\u00edpio de Monteiro, at\u00e9 a cidade de Tapero\u00e1. <\/p>\n\n\n\n<figure class=\"wp-block-image\"><img fetchpriority=\"high\" decoding=\"async\" width=\"1000\" height=\"1000\" src=\"http:\/\/www.caririemacao.com\/1\/wp-content\/uploads\/2020\/01\/003-1-1.jpeg\" alt=\"\" class=\"wp-image-146220\" srcset=\"https:\/\/www.caririemacao.com\/1\/wp-content\/uploads\/2020\/01\/003-1-1.jpeg 1000w, https:\/\/www.caririemacao.com\/1\/wp-content\/uploads\/2020\/01\/003-1-1-150x150.jpeg 150w, https:\/\/www.caririemacao.com\/1\/wp-content\/uploads\/2020\/01\/003-1-1-300x300.jpeg 300w, https:\/\/www.caririemacao.com\/1\/wp-content\/uploads\/2020\/01\/003-1-1-768x768.jpeg 768w\" sizes=\"(max-width: 1000px) 100vw, 1000px\" \/><\/figure>\n\n\n\n<p>Para o deputado, a constru\u00e7\u00e3o do Ramal do Cariri objetiva criar\num ramal principal que resultar\u00e1 em outros tr\u00eas ramais que interligar\u00e1\nrespectivamente ao A\u00e7ude de Sum\u00e9, no munic\u00edpio de Sum\u00e9; ao A\u00e7ude de Serra\nBranca II e Serra Branca I, no munic\u00edpio de Serra Branca; e ao Rio Tapero\u00e1, no\nmunic\u00edpio de Tapero\u00e1.<\/p>\n\n\n\n<p>Segundo o deputado Moacir, a perenizar\u00e3o das bacias traria\ndesenvolvimento para toda regi\u00e3o, gerando empregos diretos e indiretos, al\u00e9m de\ngarantir a seguran\u00e7a h\u00eddrica, beneficiando milhares de pessoas.<\/p>\n","protected":false},"excerpt":{"rendered":"<p>O deputado Estadual Moacir Rodrigues apresentou na Assembleia Legislativa da Para\u00edba, o Projeto do Ramal do Cariri, que consiste na interliga\u00e7\u00e3o da transposi\u00e7\u00e3o em seu&hellip; <\/p>\n","protected":false},"author":2,"featured_media":146237,"comment_status":"closed","ping_status":"closed","sticky":false,"template":"","format":"standard","meta":{"sfsi_plus_gutenberg_text_before_share":"","sfsi_plus_gutenberg_show_text_before_share":"","sfsi_plus_gutenberg_icon_type":"","sfsi_plus_gutenberg_icon_alignemt":"","sfsi_plus_gutenburg_max_per_row":"","footnotes":""},"categories":[50,11],"tags":[],"class_list":["post-146216","post","type-post","status-publish","format-standard","has-post-thumbnail","hentry","category-destaque","category-politica"],"_links":{"self":[{"href":"https:\/\/www.caririemacao.com\/1\/wp-json\/wp\/v2\/posts\/146216","targetHints":{"allow":["GET"]}}],"collection":[{"href":"https:\/\/www.caririemacao.com\/1\/wp-json\/wp\/v2\/posts"}],"about":[{"href":"https:\/\/www.caririemacao.com\/1\/wp-json\/wp\/v2\/types\/post"}],"author":[{"embeddable":true,"href":"https:\/\/www.caririemacao.com\/1\/wp-json\/wp\/v2\/users\/2"}],"replies":[{"embeddable":true,"href":"https:\/\/www.caririemacao.com\/1\/wp-json\/wp\/v2\/comments?post=146216"}],"version-history":[{"count":1,"href":"https:\/\/www.caririemacao.com\/1\/wp-json\/wp\/v2\/posts\/146216\/revisions"}],"predecessor-version":[{"id":146238,"href":"https:\/\/www.caririemacao.com\/1\/wp-json\/wp\/v2\/posts\/146216\/revisions\/146238"}],"wp:featuredmedia":[{"embeddable":true,"href":"https:\/\/www.caririemacao.com\/1\/wp-json\/wp\/v2\/media\/146237"}],"wp:attachment":[{"href":"https:\/\/www.caririemacao.com\/1\/wp-json\/wp\/v2\/media?parent=146216"}],"wp:term":[{"taxonomy":"category","embeddable":true,"href":"https:\/\/www.caririemacao.com\/1\/wp-json\/wp\/v2\/categories?post=146216"},{"taxonomy":"post_tag","embeddable":true,"href":"https:\/\/www.caririemacao.com\/1\/wp-json\/wp\/v2\/tags?post=146216"}],"curies":[{"name":"wp","href":"https:\/\/api.w.org\/{rel}","templated":true}]}}