{"id":146218,"date":"2020-01-12T14:48:23","date_gmt":"2020-01-12T17:48:23","guid":{"rendered":"http:\/\/www.caririemacao.com\/1\/?p=146218"},"modified":"2020-01-12T14:48:23","modified_gmt":"2020-01-12T17:48:23","slug":"governador-promove-policiais-na-pmpb-e-capitao-claudio-e-promovido-por-merecimento-ao-posto-de-major-da-policia-militar","status":"publish","type":"post","link":"https:\/\/www.caririemacao.com\/1\/2020\/01\/12\/governador-promove-policiais-na-pmpb-e-capitao-claudio-e-promovido-por-merecimento-ao-posto-de-major-da-policia-militar\/","title":{"rendered":"Governador promove policiais na PMPB e Capit\u00e3o Cl\u00e1udio \u00e9 promovido por merecimento ao posto de Major da Pol\u00edcia Militar"},"content":{"rendered":"\n<p>O governador da Para\u00edba Jo\u00e3o Azev\u00eado promoveu policiais al\u00e9m de realizar mudan\u00e7as na Pol\u00edcia Militar da Para\u00edba. As mudan\u00e7as foram publicadas no Di\u00e1rio Oficial deste s\u00e1bado (11).<\/p>\n\n\n\n<p>Na regi\u00e3o do Cariri, o Capit\u00e3o Cl\u00e1udio Alves da Silva Filho, atual comandante da 3\u00b0 Companhia de Pol\u00edcia Militar, com sede em Serra Branca, foi promovido por merecimento ao posto de Major da Pol\u00edcia Militar.<\/p>\n\n\n\n<p>Capit\u00e3o Cl\u00e1udio em contato com a reportagem do portal De Olho no Cariri, disse que era com alegria que assumia o novo desafio e agradeceu a todos por acreditarem na seriedade e na compet\u00eancia do seu trabalho.<\/p>\n\n\n\n<p>Cl\u00e1udio Alves da Silva Filho atualmente possui mais de 26 anos de servi\u00e7os prestados a Pol\u00edcia Militar da Para\u00edba. Bacharel em Seguran\u00e7a P\u00fablica pela APMCB e tendo especializa\u00e7\u00e3o no mesmo segmento na entidade. O agora Major Cl\u00e1udio, possui v\u00e1rias premia\u00e7\u00f5es e medalhas de honra, tendo conquistado 44 elogios em sua carreira policial, medalhas de anos de servi\u00e7os, medalha do m\u00e9rito operacional, medalha de servi\u00e7os distintos, al\u00e9m de ser reconhecido por 03 vezes com o pr\u00eamio do Programa Para\u00edba Unida Pela Paz, sendo um dos respons\u00e1veis pela redu\u00e7\u00e3o da taxa de homic\u00eddios CVLIs (crimes contra a vida), quando estava como gestor na 1\u00b0 Companhia de Pol\u00edcia Militar de Monteiro e atualmente na 3\u00b0 Companhia de Pol\u00edcia Militar, em Serra Branca.<\/p>\n\n\n\n<p>A solenidade de oficializa\u00e7\u00e3o dos policiais rec\u00e9m-promovidos ser\u00e1 realizada na manh\u00e3 desta segunda-feira(13), no quartel do Comando Geral da PMPB, em Jo\u00e3o Pessoa.<\/p>\n\n\n\n<p><strong>De Olho no Cariri<\/strong><\/p>\n","protected":false},"excerpt":{"rendered":"<p>O governador da Para\u00edba Jo\u00e3o Azev\u00eado promoveu policiais al\u00e9m de realizar mudan\u00e7as na Pol\u00edcia Militar da Para\u00edba. As mudan\u00e7as foram publicadas no Di\u00e1rio Oficial deste&hellip; <\/p>\n","protected":false},"author":1,"featured_media":146221,"comment_status":"closed","ping_status":"closed","sticky":false,"template":"","format":"standard","meta":{"sfsi_plus_gutenberg_text_before_share":"","sfsi_plus_gutenberg_show_text_before_share":"","sfsi_plus_gutenberg_icon_type":"","sfsi_plus_gutenberg_icon_alignemt":"","sfsi_plus_gutenburg_max_per_row":"","footnotes":""},"categories":[50,2],"tags":[],"class_list":["post-146218","post","type-post","status-publish","format-standard","has-post-thumbnail","hentry","category-destaque","category-geral"],"_links":{"self":[{"href":"https:\/\/www.caririemacao.com\/1\/wp-json\/wp\/v2\/posts\/146218","targetHints":{"allow":["GET"]}}],"collection":[{"href":"https:\/\/www.caririemacao.com\/1\/wp-json\/wp\/v2\/posts"}],"about":[{"href":"https:\/\/www.caririemacao.com\/1\/wp-json\/wp\/v2\/types\/post"}],"author":[{"embeddable":true,"href":"https:\/\/www.caririemacao.com\/1\/wp-json\/wp\/v2\/users\/1"}],"replies":[{"embeddable":true,"href":"https:\/\/www.caririemacao.com\/1\/wp-json\/wp\/v2\/comments?post=146218"}],"version-history":[{"count":1,"href":"https:\/\/www.caririemacao.com\/1\/wp-json\/wp\/v2\/posts\/146218\/revisions"}],"predecessor-version":[{"id":146222,"href":"https:\/\/www.caririemacao.com\/1\/wp-json\/wp\/v2\/posts\/146218\/revisions\/146222"}],"wp:featuredmedia":[{"embeddable":true,"href":"https:\/\/www.caririemacao.com\/1\/wp-json\/wp\/v2\/media\/146221"}],"wp:attachment":[{"href":"https:\/\/www.caririemacao.com\/1\/wp-json\/wp\/v2\/media?parent=146218"}],"wp:term":[{"taxonomy":"category","embeddable":true,"href":"https:\/\/www.caririemacao.com\/1\/wp-json\/wp\/v2\/categories?post=146218"},{"taxonomy":"post_tag","embeddable":true,"href":"https:\/\/www.caririemacao.com\/1\/wp-json\/wp\/v2\/tags?post=146218"}],"curies":[{"name":"wp","href":"https:\/\/api.w.org\/{rel}","templated":true}]}}