{"id":146226,"date":"2020-01-12T14:49:51","date_gmt":"2020-01-12T17:49:51","guid":{"rendered":"http:\/\/www.caririemacao.com\/1\/?p=146226"},"modified":"2020-01-12T14:49:51","modified_gmt":"2020-01-12T17:49:51","slug":"prefeitura-de-caraubas-e-cmdca-empossam-novos-conselheiros-tutelares","status":"publish","type":"post","link":"https:\/\/www.caririemacao.com\/1\/2020\/01\/12\/prefeitura-de-caraubas-e-cmdca-empossam-novos-conselheiros-tutelares\/","title":{"rendered":"Prefeitura de Cara\u00fabas e CMDCA empossam novos conselheiros tutelares"},"content":{"rendered":"\n<p>Em solenidade realizada na manh\u00e3 desta sexta-feira, dia 10 de Janeiro do corrente, no pr\u00e9dio sede da C\u00e2mara Municipal de Vereadores do munic\u00edpio de Cara\u00fabas o Conselho Municipal dos Direitos da Crian\u00e7a e do Adolescente diplomou e deu posse aos novos conselheiros tutelares para o exerc\u00edcio 2020\/2024.<\/p>\n\n\n\n<p>Prestigiaram a solenidade o prefeito Silvano Dudu acompanhado da primeira dama do munic\u00edpio Neide de Assis que no ato representou o Poder Legislativo Municipal, os vereadores Teinha, Nerivan e Jos\u00e9 Josimar, al\u00e9m da secret\u00e1ria da Assist\u00eancia Social, Fl\u00e1via Emanoella Quirino, a presidente do CMDCA, psic\u00f3loga Keyla Menezes, secret\u00e1rios municipais da Sa\u00fade, Leonardo Enear, da Educa\u00e7\u00e3o, Rhayanne Fernandes, da Agricultura Rone Feitoza, do Planejamento, jornalista Eduardo Belo, do Turismo Silvana Mylena, das Finan\u00e7as Silvio Fernandes, al\u00e9m de secret\u00e1rios adjuntos, assessores da prefeitura, membros do CMDCA e ex-conselheiros tutelares.<\/p>\n\n\n\n<div class=\"wp-block-image\"><figure class=\"alignright\"><img decoding=\"async\" data-src=\"http:\/\/deolhonocariri.com.br\/wp-content\/uploads\/2020\/01\/82114591_2523099224465852_5955419231934742528_n.jpg\" alt=\"\" class=\"wp-image-76374 lazyload\" src=\"data:image\/svg+xml;base64,PHN2ZyB3aWR0aD0iMSIgaGVpZ2h0PSIxIiB4bWxucz0iaHR0cDovL3d3dy53My5vcmcvMjAwMC9zdmciPjwvc3ZnPg==\" \/><\/figure><\/div>\n\n\n\n<p>Ap\u00f3s a forma\u00e7\u00e3o da mesa de honra a presidente do CMDCA, Keyla Menezes, falou ao p\u00fablico presente agradecendo a presen\u00e7a de todos e realizando uma homenagem aos conselheiros que estavam deixando os seus mandatos. Dos cinco titulares do exerc\u00edcio anterior tr\u00eas prestigiaram a solenidade. Maria do Socorro Silva Sousa(Branca), M\u00f4nica Macinete e Josefa Patr\u00edcia.<\/p>\n\n\n\n<p>A secret\u00e1ria Fl\u00e1via Quirino da Assist\u00eancia Social usou do momento para agradecer a condu\u00e7\u00e3o do desde a elabora\u00e7\u00e3o do edital da elei\u00e7\u00f5es at\u00e9 todo o processo eleitoral conduzido de forma imparcial e transparente pelos membros do CMDCA. Recebemos muitos elogios, inclusive do MPE pela organiza\u00e7\u00e3o do pleito e isso demonstra nossa preocupa\u00e7\u00e3o em fazer com o Conselho Tutelar do nosso munic\u00edpio seja realmente atuante destaque no cariri paraibano, afirmou ela.<\/p>\n\n\n\n<p>O prefeito Silvano Dudu aproveitou a oportunidade para cobrar dos novos conselheiros dedica\u00e7\u00e3o exclusiva as causas das crian\u00e7as e adolescentes do munic\u00edpio. Sei que n\u00e3o \u00e9 uma tarefa f\u00e1cil trabalhar com essa faixa et\u00e1ria que esta em plena forma\u00e7\u00e3o, mas tenho certeza que juntos haveremos de vencer essa guerra, afirmou o prefeito.<\/p>\n\n\n\n<p>Nossa gest\u00e3o tem investido na estrutura do Conselho Tutelar. Quando assumimos n\u00e3o tinha absolutamente nada. Apenas um local inadequado, com um computador. Hoje reestruturamos totalmente o Conselho. Alugamos um novo im\u00f3vel, conseguimos junto ao Deputado Federal, a \u00e9poca Luiz Couto, o kit do conselho composto por um ve\u00edculo oficial, 05(cinco) computadores, bebedouro, refrigerador e arm\u00e1rios que permitem aos conselheiros exercerem com dignidade a sua fun\u00e7\u00e3o, disse Silvano Dudu.<\/p>\n\n\n\n<p>Ap\u00f3s serem declarados empossados e diplomados os novos conselheiros tutelares Jo\u00e3o Paulo Hosto, Ziene Salvadora, Raquel Daiane, Eliane Maria, Jaqueline Kelis e Jos\u00e9 Dias usaram da palavra e externaram a gratid\u00e3o em poder fazer parte da nova gest\u00e3o do Conselho Tutelar. Somos gratos a Deus e aos caraubenses que confiaram em n\u00f3s essa miss\u00e3o. Precisaremos muito uns dos outros e principalmente da gest\u00e3o p\u00fablica e do Minist\u00e9rio P\u00fablico para que possamos ter \u00eaxito em nosso trabalho que ser\u00e1 desenvolvido, disse o conselheiro Jo\u00e3o Paulo.<\/p>\n\n\n\n<p><em>Com Seplacom<\/em><\/p>\n","protected":false},"excerpt":{"rendered":"<p>Em solenidade realizada na manh\u00e3 desta sexta-feira, dia 10 de Janeiro do corrente, no pr\u00e9dio sede da C\u00e2mara Municipal de Vereadores do munic\u00edpio de Cara\u00fabas&hellip; <\/p>\n","protected":false},"author":1,"featured_media":146229,"comment_status":"closed","ping_status":"closed","sticky":false,"template":"","format":"standard","meta":{"sfsi_plus_gutenberg_text_before_share":"","sfsi_plus_gutenberg_show_text_before_share":"","sfsi_plus_gutenberg_icon_type":"","sfsi_plus_gutenberg_icon_alignemt":"","sfsi_plus_gutenburg_max_per_row":"","footnotes":""},"categories":[6],"tags":[],"class_list":["post-146226","post","type-post","status-publish","format-standard","has-post-thumbnail","hentry","category-cidades"],"_links":{"self":[{"href":"https:\/\/www.caririemacao.com\/1\/wp-json\/wp\/v2\/posts\/146226","targetHints":{"allow":["GET"]}}],"collection":[{"href":"https:\/\/www.caririemacao.com\/1\/wp-json\/wp\/v2\/posts"}],"about":[{"href":"https:\/\/www.caririemacao.com\/1\/wp-json\/wp\/v2\/types\/post"}],"author":[{"embeddable":true,"href":"https:\/\/www.caririemacao.com\/1\/wp-json\/wp\/v2\/users\/1"}],"replies":[{"embeddable":true,"href":"https:\/\/www.caririemacao.com\/1\/wp-json\/wp\/v2\/comments?post=146226"}],"version-history":[{"count":1,"href":"https:\/\/www.caririemacao.com\/1\/wp-json\/wp\/v2\/posts\/146226\/revisions"}],"predecessor-version":[{"id":146230,"href":"https:\/\/www.caririemacao.com\/1\/wp-json\/wp\/v2\/posts\/146226\/revisions\/146230"}],"wp:featuredmedia":[{"embeddable":true,"href":"https:\/\/www.caririemacao.com\/1\/wp-json\/wp\/v2\/media\/146229"}],"wp:attachment":[{"href":"https:\/\/www.caririemacao.com\/1\/wp-json\/wp\/v2\/media?parent=146226"}],"wp:term":[{"taxonomy":"category","embeddable":true,"href":"https:\/\/www.caririemacao.com\/1\/wp-json\/wp\/v2\/categories?post=146226"},{"taxonomy":"post_tag","embeddable":true,"href":"https:\/\/www.caririemacao.com\/1\/wp-json\/wp\/v2\/tags?post=146226"}],"curies":[{"name":"wp","href":"https:\/\/api.w.org\/{rel}","templated":true}]}}