{"id":146234,"date":"2020-01-12T14:51:57","date_gmt":"2020-01-12T17:51:57","guid":{"rendered":"http:\/\/www.caririemacao.com\/1\/?p=146234"},"modified":"2020-01-12T14:51:57","modified_gmt":"2020-01-12T17:51:57","slug":"ex-secretaria-de-ricardo-ia-se-matar-antes-de-ser-presa-na-operacao-calvario-revela-colunista-do-uol","status":"publish","type":"post","link":"https:\/\/www.caririemacao.com\/1\/2020\/01\/12\/ex-secretaria-de-ricardo-ia-se-matar-antes-de-ser-presa-na-operacao-calvario-revela-colunista-do-uol\/","title":{"rendered":"Ex-secret\u00e1ria de Ricardo ia se matar antes de ser presa na opera\u00e7\u00e3o Calv\u00e1rio, revela colunista do UOL"},"content":{"rendered":"\n<p>A ex-secret\u00e1ria estadual de Administra\u00e7\u00e3o do ex-governador Ricardo Coutinho, Liv\u00e2nia Farias pensou em suic\u00eddio antes de ser presa pela Opera\u00e7\u00e3o Calv\u00e1rio. A revela\u00e7\u00e3o est\u00e1 publicada neste domingo (12) no portal Folha Uol pela jornalista Mariana Carneiro.<\/p>\n\n\n\n<p>De acordo com a coluna, antes de se tornar delatora na Opera\u00e7\u00e3o Calv\u00e1rio, que mira o ex-governador da Para\u00edba Ricardo Coutinho (PSB), a ex-secret\u00e1ria estadual Liv\u00e2nia Farias mandou cartas a familiares e amigos em que relata ang\u00fastia ap\u00f3s se tornar alvo do Minist\u00e9rio P\u00fablico.<\/p>\n\n\n\n<p>Os textos foram escritos pouco antes de ela ser presa, em 16 de fevereiro de 2019. Nas cartas, ela reclama do que considerou persegui\u00e7\u00e3o e espetaculariza\u00e7\u00e3o do caso pelos procuradores do estado e faz planos para o pr\u00f3prio funeral. Farias diz que a press\u00e3o sobre a fam\u00edlia \u00e9 tanta que os filhos n\u00e3o podem sair de casa.<\/p>\n\n\n\n<p>Ainda segundo a publica\u00e7\u00e3o, uma das cartas foi para Ricardo Coutinho. Ela agradece ao ex-governador pela confian\u00e7a e diz que o tinha como espelho no trabalho no governo. Mas alega que o fardo da ofensiva do MP \u00e9 pesado. Meses depois, a ex-secret\u00e1ria delatou o antigo chefe. Farias revelou suposto pagamento de R$ 4 milh\u00f5es em propina ao pol\u00edtico.<\/p>\n\n\n\n<p>R\u00e9 sob a acusa\u00e7\u00e3o de ter recebido suborno, ela saiu da pris\u00e3o dias ap\u00f3s assinar o acordo de colabora\u00e7\u00e3o e aguarda em liberdade o seu julgamento. A Calv\u00e1rio investiga desvio de R$ 134,2 milh\u00f5es da \u00e1rea de sa\u00fade estadual.<\/p>\n\n\n\n<p><em>Folha Uol<\/em><\/p>\n","protected":false},"excerpt":{"rendered":"<p>A ex-secret\u00e1ria estadual de Administra\u00e7\u00e3o do ex-governador Ricardo Coutinho, Liv\u00e2nia Farias pensou em suic\u00eddio antes de ser presa pela Opera\u00e7\u00e3o Calv\u00e1rio. A revela\u00e7\u00e3o est\u00e1 publicada&hellip; <\/p>\n","protected":false},"author":1,"featured_media":88227,"comment_status":"closed","ping_status":"closed","sticky":false,"template":"","format":"standard","meta":{"sfsi_plus_gutenberg_text_before_share":"","sfsi_plus_gutenberg_show_text_before_share":"","sfsi_plus_gutenberg_icon_type":"","sfsi_plus_gutenberg_icon_alignemt":"","sfsi_plus_gutenburg_max_per_row":"","footnotes":""},"categories":[11],"tags":[],"class_list":["post-146234","post","type-post","status-publish","format-standard","has-post-thumbnail","hentry","category-politica"],"_links":{"self":[{"href":"https:\/\/www.caririemacao.com\/1\/wp-json\/wp\/v2\/posts\/146234","targetHints":{"allow":["GET"]}}],"collection":[{"href":"https:\/\/www.caririemacao.com\/1\/wp-json\/wp\/v2\/posts"}],"about":[{"href":"https:\/\/www.caririemacao.com\/1\/wp-json\/wp\/v2\/types\/post"}],"author":[{"embeddable":true,"href":"https:\/\/www.caririemacao.com\/1\/wp-json\/wp\/v2\/users\/1"}],"replies":[{"embeddable":true,"href":"https:\/\/www.caririemacao.com\/1\/wp-json\/wp\/v2\/comments?post=146234"}],"version-history":[{"count":1,"href":"https:\/\/www.caririemacao.com\/1\/wp-json\/wp\/v2\/posts\/146234\/revisions"}],"predecessor-version":[{"id":146239,"href":"https:\/\/www.caririemacao.com\/1\/wp-json\/wp\/v2\/posts\/146234\/revisions\/146239"}],"wp:featuredmedia":[{"embeddable":true,"href":"https:\/\/www.caririemacao.com\/1\/wp-json\/wp\/v2\/media\/88227"}],"wp:attachment":[{"href":"https:\/\/www.caririemacao.com\/1\/wp-json\/wp\/v2\/media?parent=146234"}],"wp:term":[{"taxonomy":"category","embeddable":true,"href":"https:\/\/www.caririemacao.com\/1\/wp-json\/wp\/v2\/categories?post=146234"},{"taxonomy":"post_tag","embeddable":true,"href":"https:\/\/www.caririemacao.com\/1\/wp-json\/wp\/v2\/tags?post=146234"}],"curies":[{"name":"wp","href":"https:\/\/api.w.org\/{rel}","templated":true}]}}