{"id":146247,"date":"2020-01-12T14:58:30","date_gmt":"2020-01-12T17:58:30","guid":{"rendered":"http:\/\/www.caririemacao.com\/1\/?p=146247"},"modified":"2020-01-12T14:58:30","modified_gmt":"2020-01-12T17:58:30","slug":"voce-sabe-o-que-e-sensacao-termica-veja-como-ela-e-calculada","status":"publish","type":"post","link":"https:\/\/www.caririemacao.com\/1\/2020\/01\/12\/voce-sabe-o-que-e-sensacao-termica-veja-como-ela-e-calculada\/","title":{"rendered":"Voc\u00ea sabe o que \u00e9 sensa\u00e7\u00e3o t\u00e9rmica? Veja como ela \u00e9 calculada"},"content":{"rendered":"\n<p>Nem sempre olhar a temperatura que os term\u00f4metros marcam ajuda a saber se vamos passar calor ou frio ao sair de casa. A chamada sensa\u00e7\u00e3o t\u00e9rmica \u00e9 um \u00edndice que foi criado para representar como uma pessoa sente na pr\u00e1tica.<\/p>\n\n\n\n<p>Uma das maneiras de calcular esse \u00edndice \u00e9 levando em conta a umidade. Quando o tempo est\u00e1 quente e demasiadamente \u00famido, a sensa\u00e7\u00e3o t\u00e9rmica \u00e9 maior do que o term\u00f4metro marca. Se a umidade \u00e9 baixa, a sensa\u00e7\u00e3o t\u00e9rmica vai na mesma dire\u00e7\u00e3o.<\/p>\n\n\n\n<p>Segundo a calculadora do servi\u00e7o de nacional de previs\u00e3o do tempo dos EUA, se a temperatura do ar estiver em 42\u00b0C e a umidade em 38%, a sensa\u00e7\u00e3o t\u00e9rmica ser\u00e1 de 52\u00b0C. Algo parecido com o que foi registrado no Rio de Janeiro no dia 11 de janeiro de 2020. A exposi\u00e7\u00e3o direta ao sol pode aumentar em alguns graus a sensa\u00e7\u00e3o.<\/p>\n\n\n\n<p>Caso a umidade estivesse em 20% (n\u00edvel considerado baixo), a sensa\u00e7\u00e3o t\u00e9rmica seria de 42\u00b0C mesmo. Se a umidade fosse de 0, a sensa\u00e7\u00e3o t\u00e9rmica seria de 36\u00b0C.<\/p>\n\n\n\n<p>O mecanismo empregado pelo corpo humano para se resfriar e manter a temperatura constante, perto dos 36,5\u00b0C, \u00e9 pelo suor. A quest\u00e3o \u00e9 que com a umidade ambiente elevada o suor tem dificuldade para evaporar \u2013e \u00e9 justamente fornecendo calor par essa evapora\u00e7\u00e3o que o corpo se resfria.<\/p>\n\n\n\n<p>Claro que se trata de uma estimativa. A depender do organismo (mais ou menos gordura corporal, tamanho, caracter\u00edsticas metab\u00f3licas, uso rem\u00e9dios, gravidez etc) e da vestimenta essa sensa\u00e7\u00e3o pode ser afetada.<\/p>\n\n\n\n<p>Mesmo assim o \u00edndice pode ser um bom indicativo de risco de sa\u00fade. O organismo pode pifar se exposto a atividades f\u00edsicas continuadas quando a sensa\u00e7\u00e3o t\u00e9rmica \u00e9 elevada. Entre os riscos est\u00e3o o de desmaio, insola\u00e7\u00e3o e desidrata\u00e7\u00e3o. O alerta j\u00e1 vale para quando a sensa\u00e7\u00e3o t\u00e9rmica \u00e9 de 27\u00b0C e o perigo \u00e9 iminente quando ela passa dos 52\u00b0C, de acordo com o servi\u00e7o do governo americano.<\/p>\n\n\n\n<p>Outro fator que pode ser importante nessa conta \u00e9 o vento, especialmente em temperaturas mais frias. \u00c9 como se o movimento do ar roubasse calor do corpo (o que em f\u00edsica \u00e9 chamado de perda por convec\u00e7\u00e3o).<\/p>\n\n\n\n<p>Quanto mais vento, mais calor se perde. Mesmo no nosso ver\u00e3o o racioc\u00ednio faz sentido: nada pior do que aquele lugar quente e abafado sem nem um ventinho sequer para dar um al\u00edvio.<\/p>\n\n\n\n<p>No site do Inmet (Instituto Nacional de Meteorologia), h\u00e1 uma calculadora que permite explorar o efeito do vento na temperatura. Se a temperatura do ar est\u00e1 em 20\u00b0C, um vento de velocidade 5 metros por segundo (18 km\/h), j\u00e1 baixaria a sensa\u00e7\u00e3o t\u00e9rmica em 6\u00b0C, para 14\u00b0C.<\/p>\n","protected":false},"excerpt":{"rendered":"<p>Nem sempre olhar a temperatura que os term\u00f4metros marcam ajuda a saber se vamos passar calor ou frio ao sair de casa. A chamada sensa\u00e7\u00e3o&hellip; <\/p>\n","protected":false},"author":1,"featured_media":146248,"comment_status":"closed","ping_status":"closed","sticky":false,"template":"","format":"standard","meta":{"sfsi_plus_gutenberg_text_before_share":"","sfsi_plus_gutenberg_show_text_before_share":"","sfsi_plus_gutenberg_icon_type":"","sfsi_plus_gutenberg_icon_alignemt":"","sfsi_plus_gutenburg_max_per_row":"","footnotes":""},"categories":[16],"tags":[],"class_list":["post-146247","post","type-post","status-publish","format-standard","has-post-thumbnail","hentry","category-saude"],"_links":{"self":[{"href":"https:\/\/www.caririemacao.com\/1\/wp-json\/wp\/v2\/posts\/146247","targetHints":{"allow":["GET"]}}],"collection":[{"href":"https:\/\/www.caririemacao.com\/1\/wp-json\/wp\/v2\/posts"}],"about":[{"href":"https:\/\/www.caririemacao.com\/1\/wp-json\/wp\/v2\/types\/post"}],"author":[{"embeddable":true,"href":"https:\/\/www.caririemacao.com\/1\/wp-json\/wp\/v2\/users\/1"}],"replies":[{"embeddable":true,"href":"https:\/\/www.caririemacao.com\/1\/wp-json\/wp\/v2\/comments?post=146247"}],"version-history":[{"count":1,"href":"https:\/\/www.caririemacao.com\/1\/wp-json\/wp\/v2\/posts\/146247\/revisions"}],"predecessor-version":[{"id":146249,"href":"https:\/\/www.caririemacao.com\/1\/wp-json\/wp\/v2\/posts\/146247\/revisions\/146249"}],"wp:featuredmedia":[{"embeddable":true,"href":"https:\/\/www.caririemacao.com\/1\/wp-json\/wp\/v2\/media\/146248"}],"wp:attachment":[{"href":"https:\/\/www.caririemacao.com\/1\/wp-json\/wp\/v2\/media?parent=146247"}],"wp:term":[{"taxonomy":"category","embeddable":true,"href":"https:\/\/www.caririemacao.com\/1\/wp-json\/wp\/v2\/categories?post=146247"},{"taxonomy":"post_tag","embeddable":true,"href":"https:\/\/www.caririemacao.com\/1\/wp-json\/wp\/v2\/tags?post=146247"}],"curies":[{"name":"wp","href":"https:\/\/api.w.org\/{rel}","templated":true}]}}