{"id":146260,"date":"2020-01-12T15:05:07","date_gmt":"2020-01-12T18:05:07","guid":{"rendered":"http:\/\/www.caririemacao.com\/1\/?p=146260"},"modified":"2020-01-12T15:05:07","modified_gmt":"2020-01-12T18:05:07","slug":"energia-renovavel-reduzira-97-do-consumo-de-agua-na-geracao-eletrica","status":"publish","type":"post","link":"https:\/\/www.caririemacao.com\/1\/2020\/01\/12\/energia-renovavel-reduzira-97-do-consumo-de-agua-na-geracao-eletrica\/","title":{"rendered":"Energia renov\u00e1vel reduzir\u00e1 97% do consumo de \u00e1gua na gera\u00e7\u00e3o el\u00e9trica"},"content":{"rendered":"\n<p>Al\u00e9m do seu papel fundamental na descarboniza\u00e7\u00e3o do setor el\u00e9trico mundial, as fontes de energia renov\u00e1veis tamb\u00e9m ajudariam a reduzir o seu consumo de \u00e1gua em at\u00e9 97%.<\/p>\n\n\n\n<p>\u00c9 o que mostra o resultado de um estudo feito por um time de pesquisadores da Universidade de Tecnologia da Lappeenranta, na Finl\u00e2ndia, e divulgado na revista&nbsp;<a href=\"https:\/\/www.lut.fi\/web\/en\/news\/-\/asset_publisher\/lGh4SAywhcPu\/content\/the-water-energy-nexus-at-rivers-can-be-resolved-worldwide-by-2050-as-a-consequence-of-the-energy-transition\">Nature Energy<\/a>.<\/p>\n\n\n\n<p>De acordo com o estudo, para produzir os mesmos 1 megawatt-hora (MWh) de energia, a tecnologia fotovoltaica consome entre 2% e 15% da \u00e1gua utilizada por usinas nucleares e a carv\u00e3o.<\/p>\n\n\n\n<p>Turbinas e\u00f3licas, por sua vez, consomem entre 0,1% e 14% dessa mesma quantidade.<\/p>\n\n\n\n<p>Segundo os pesquisadores, essa demanda insignificante de \u00e1gua representa um ganho duplo para as tecnologias renov\u00e1veis, que j\u00e1 apresentam quase zero emiss\u00f5es de CO2 na gera\u00e7\u00e3o.<\/p>\n\n\n\n<p>Para o estudo, o time coletou dados de 13.863 usinas termoel\u00e9tricas acima de 50 Megawatts (MW) de capacidade, que juntas somaram mais de 4,1 Gigawatts (GW).<\/p>\n\n\n\n<p>Isto representa mais de 95% da gera\u00e7\u00e3o t\u00e9rmica mundial, disseram os pesquisadores, que utilizaram essa informa\u00e7\u00e3o para tra\u00e7ar proje\u00e7\u00f5es do consumo de \u00e1gua no setor el\u00e9trico mundial dentro do per\u00edodo 2015-2050.<\/p>\n\n\n\n<p>Caso o melhor cen\u00e1rio de pol\u00edticas fosse adotado, o estudo afirma que o consumo de \u00e1gua na gera\u00e7\u00e3o el\u00e9trica mundial poderia ser reduzido em 75,1% at\u00e9 2030, em rela\u00e7\u00e3o aos n\u00edveis de 2015.<\/p>\n\n\n\n<p><a href=\"https:\/\/socientifica.com.br\/2019\/11\/20\/5-bilhoes-de-pessoas-em-risco-ate-2050-por-conta-da-crise-climatica\/\">Para 2050<\/a>&nbsp;essa redu\u00e7\u00e3o poderia chegar a 97,7%, mas exige que muitas termel\u00e9tricas nucleares e por combust\u00e3o f\u00f3ssil sejam desativadas e substitu\u00eddas por fontes de gera\u00e7\u00e3o limpas.<\/p>\n\n\n\n<p>No entanto, o estudo revela que o g\u00e1s natural continuar\u00e1 crescendo em regi\u00f5es como a China, Cor\u00e9ia do Sul e R\u00fassia, onde o consumo de \u00e1gua dever\u00e1 permanecer grande.<\/p>\n\n\n\n<p>Em 2015, os Estados Unidos foi o maior consumidor de \u00e1gua para gera\u00e7\u00e3o de energia convencional, com uma participa\u00e7\u00e3o mundial de 35,7%, seguidos pela China com 31,5%.<\/p>\n\n\n\n<p>Os pesquisadores concluem que \u00e1gua poupada pelas fontes renov\u00e1veis poderia ser destinada para a produ\u00e7\u00e3o de alimentos ou para o cultivo de ecossistemas aqu\u00e1ticos.<\/p>\n\n\n\n<p><em>Este artigo foi originalmente publicado em&nbsp;<a href=\"https:\/\/www.ecodebate.com.br\/2020\/01\/03\/2019-foi-provavelmente-o-segundo-ano-mais-quente-da-historia\/\">EcoDebate<\/a>.<\/em><\/p>\n\n\n\n<p><\/p>\n","protected":false},"excerpt":{"rendered":"<p>Al\u00e9m do seu papel fundamental na descarboniza\u00e7\u00e3o do setor el\u00e9trico mundial, as fontes de energia renov\u00e1veis tamb\u00e9m ajudariam a reduzir o seu consumo de \u00e1gua&hellip; <\/p>\n","protected":false},"author":1,"featured_media":146262,"comment_status":"closed","ping_status":"closed","sticky":false,"template":"","format":"standard","meta":{"sfsi_plus_gutenberg_text_before_share":"","sfsi_plus_gutenberg_show_text_before_share":"","sfsi_plus_gutenberg_icon_type":"","sfsi_plus_gutenberg_icon_alignemt":"","sfsi_plus_gutenburg_max_per_row":"","footnotes":""},"categories":[2],"tags":[],"class_list":["post-146260","post","type-post","status-publish","format-standard","has-post-thumbnail","hentry","category-geral"],"_links":{"self":[{"href":"https:\/\/www.caririemacao.com\/1\/wp-json\/wp\/v2\/posts\/146260","targetHints":{"allow":["GET"]}}],"collection":[{"href":"https:\/\/www.caririemacao.com\/1\/wp-json\/wp\/v2\/posts"}],"about":[{"href":"https:\/\/www.caririemacao.com\/1\/wp-json\/wp\/v2\/types\/post"}],"author":[{"embeddable":true,"href":"https:\/\/www.caririemacao.com\/1\/wp-json\/wp\/v2\/users\/1"}],"replies":[{"embeddable":true,"href":"https:\/\/www.caririemacao.com\/1\/wp-json\/wp\/v2\/comments?post=146260"}],"version-history":[{"count":1,"href":"https:\/\/www.caririemacao.com\/1\/wp-json\/wp\/v2\/posts\/146260\/revisions"}],"predecessor-version":[{"id":146263,"href":"https:\/\/www.caririemacao.com\/1\/wp-json\/wp\/v2\/posts\/146260\/revisions\/146263"}],"wp:featuredmedia":[{"embeddable":true,"href":"https:\/\/www.caririemacao.com\/1\/wp-json\/wp\/v2\/media\/146262"}],"wp:attachment":[{"href":"https:\/\/www.caririemacao.com\/1\/wp-json\/wp\/v2\/media?parent=146260"}],"wp:term":[{"taxonomy":"category","embeddable":true,"href":"https:\/\/www.caririemacao.com\/1\/wp-json\/wp\/v2\/categories?post=146260"},{"taxonomy":"post_tag","embeddable":true,"href":"https:\/\/www.caririemacao.com\/1\/wp-json\/wp\/v2\/tags?post=146260"}],"curies":[{"name":"wp","href":"https:\/\/api.w.org\/{rel}","templated":true}]}}