{"id":146267,"date":"2020-01-12T15:51:35","date_gmt":"2020-01-12T18:51:35","guid":{"rendered":"http:\/\/www.caririemacao.com\/1\/?p=146267"},"modified":"2020-01-12T15:51:35","modified_gmt":"2020-01-12T18:51:35","slug":"prefeito-sandro-moco-parabeniza-capitao-claudio-pela-promocao-de-major-da-pmpb","status":"publish","type":"post","link":"https:\/\/www.caririemacao.com\/1\/2020\/01\/12\/prefeito-sandro-moco-parabeniza-capitao-claudio-pela-promocao-de-major-da-pmpb\/","title":{"rendered":"Prefeito Sandro M\u00f4co parabeniza Capit\u00e3o Cl\u00e1udio pela promo\u00e7\u00e3o de Major da PMPB"},"content":{"rendered":"\n<p>Ap\u00f3s o an\u00fancio da promo\u00e7\u00e3o do capit\u00e3o Cl\u00e1udio ao posto de\nmajor por merecimento, o prefeito Sandro M\u00f4co vem de p\u00fablico parabenizar o oficial.<\/p>\n\n\n\n<p>Sandro disse que a honraria \u00e9 merecida e reflete o excelente\ntrabalho que o capit\u00e3o Claudio vem exercendo na regi\u00e3o do Cariri Paraibano. <\/p>\n\n\n\n<p>\u201cParabenizo o agora major Cl\u00e1udio por sua promo\u00e7\u00e3o e desejo\nmuito sucesso e que ele continue sendo este grande profissional na Pol\u00edcia Militar\nda Para\u00edba\u201d, parabenizou.<\/p>\n","protected":false},"excerpt":{"rendered":"<p>Ap\u00f3s o an\u00fancio da promo\u00e7\u00e3o do capit\u00e3o Cl\u00e1udio ao posto de major por merecimento, o prefeito Sandro M\u00f4co vem de p\u00fablico parabenizar o oficial. Sandro&hellip; <\/p>\n","protected":false},"author":2,"featured_media":15416,"comment_status":"closed","ping_status":"closed","sticky":false,"template":"","format":"standard","meta":{"sfsi_plus_gutenberg_text_before_share":"","sfsi_plus_gutenberg_show_text_before_share":"","sfsi_plus_gutenberg_icon_type":"","sfsi_plus_gutenberg_icon_alignemt":"","sfsi_plus_gutenburg_max_per_row":"","footnotes":""},"categories":[50,2],"tags":[],"class_list":["post-146267","post","type-post","status-publish","format-standard","has-post-thumbnail","hentry","category-destaque","category-geral"],"_links":{"self":[{"href":"https:\/\/www.caririemacao.com\/1\/wp-json\/wp\/v2\/posts\/146267","targetHints":{"allow":["GET"]}}],"collection":[{"href":"https:\/\/www.caririemacao.com\/1\/wp-json\/wp\/v2\/posts"}],"about":[{"href":"https:\/\/www.caririemacao.com\/1\/wp-json\/wp\/v2\/types\/post"}],"author":[{"embeddable":true,"href":"https:\/\/www.caririemacao.com\/1\/wp-json\/wp\/v2\/users\/2"}],"replies":[{"embeddable":true,"href":"https:\/\/www.caririemacao.com\/1\/wp-json\/wp\/v2\/comments?post=146267"}],"version-history":[{"count":1,"href":"https:\/\/www.caririemacao.com\/1\/wp-json\/wp\/v2\/posts\/146267\/revisions"}],"predecessor-version":[{"id":146268,"href":"https:\/\/www.caririemacao.com\/1\/wp-json\/wp\/v2\/posts\/146267\/revisions\/146268"}],"wp:featuredmedia":[{"embeddable":true,"href":"https:\/\/www.caririemacao.com\/1\/wp-json\/wp\/v2\/media\/15416"}],"wp:attachment":[{"href":"https:\/\/www.caririemacao.com\/1\/wp-json\/wp\/v2\/media?parent=146267"}],"wp:term":[{"taxonomy":"category","embeddable":true,"href":"https:\/\/www.caririemacao.com\/1\/wp-json\/wp\/v2\/categories?post=146267"},{"taxonomy":"post_tag","embeddable":true,"href":"https:\/\/www.caririemacao.com\/1\/wp-json\/wp\/v2\/tags?post=146267"}],"curies":[{"name":"wp","href":"https:\/\/api.w.org\/{rel}","templated":true}]}}