{"id":146273,"date":"2020-01-13T06:33:20","date_gmt":"2020-01-13T09:33:20","guid":{"rendered":"http:\/\/www.caririemacao.com\/1\/?p=146273"},"modified":"2020-01-13T06:33:20","modified_gmt":"2020-01-13T09:33:20","slug":"presidente-da-camara-de-vereadores-de-sume-participa-da-posse-dos-conselheiros-tutelares","status":"publish","type":"post","link":"https:\/\/www.caririemacao.com\/1\/2020\/01\/13\/presidente-da-camara-de-vereadores-de-sume-participa-da-posse-dos-conselheiros-tutelares\/","title":{"rendered":"Presidente da C\u00e2mara de vereadores de Sum\u00e9 participa da posse dos conselheiros tutelares"},"content":{"rendered":"\n<p>O presidente da C\u00e2mara de Vereadores de Sum\u00e9, Bomba, participou na \u00faltima sexta-feira (10), da posse dos conselheiros tutelares do munic\u00edpio.A solenidade aconteceu na C\u00e2mara de Vereadores de Sum\u00e9 e foi prestigiada por autoridades e familiares dos conselheiros.<\/p>\n\n\n\n<p><br><a href=\"http:\/\/noticiasemdestaque.com\/cd\/wp-content\/uploads\/2020\/01\/IMG_0442.jpg\"><\/a>Na oportunidade foram empossados os conselheiros eleitos: Jos\u00e9 Erinaldo (Lunga), Josimar Guabiraba (Pot\u00f3), Viviane Cristina, Geraldo Clementino e Dery Batista.Foram diplomados ainda, os conselheiros suplentes: Debora Lafaerte, Lucineide Lira, Lucineia Alves, Iris Barbosa e Ver\u00f4nica Barros.<\/p>\n\n\n\n<p><br><a href=\"http:\/\/noticiasemdestaque.com\/cd\/wp-content\/uploads\/2020\/01\/81722952_2934278583289139_3921056746109403136_n.jpg\"><\/a>Na oportunidade, o presidente do Legislativo sumeense, ressaltou a import\u00e2ncia dos conselheiros na defesa dos direitos das crian\u00e7as e adolescentes e colocou o Legislativo a disposi\u00e7\u00e3o para contribuir no trabalho desenvolvido no munic\u00edpio.<\/p>\n\n\n\n<p><strong><em>Not\u00edcias em Destaque<\/em><\/strong><\/p>\n","protected":false},"excerpt":{"rendered":"<p>O presidente da C\u00e2mara de Vereadores de Sum\u00e9, Bomba, participou na \u00faltima sexta-feira (10), da posse dos conselheiros tutelares do munic\u00edpio.A solenidade aconteceu na C\u00e2mara&hellip; <\/p>\n","protected":false},"author":1,"featured_media":146275,"comment_status":"closed","ping_status":"closed","sticky":false,"template":"","format":"standard","meta":{"sfsi_plus_gutenberg_text_before_share":"","sfsi_plus_gutenberg_show_text_before_share":"","sfsi_plus_gutenberg_icon_type":"","sfsi_plus_gutenberg_icon_alignemt":"","sfsi_plus_gutenburg_max_per_row":"","footnotes":""},"categories":[6],"tags":[],"class_list":["post-146273","post","type-post","status-publish","format-standard","has-post-thumbnail","hentry","category-cidades"],"_links":{"self":[{"href":"https:\/\/www.caririemacao.com\/1\/wp-json\/wp\/v2\/posts\/146273","targetHints":{"allow":["GET"]}}],"collection":[{"href":"https:\/\/www.caririemacao.com\/1\/wp-json\/wp\/v2\/posts"}],"about":[{"href":"https:\/\/www.caririemacao.com\/1\/wp-json\/wp\/v2\/types\/post"}],"author":[{"embeddable":true,"href":"https:\/\/www.caririemacao.com\/1\/wp-json\/wp\/v2\/users\/1"}],"replies":[{"embeddable":true,"href":"https:\/\/www.caririemacao.com\/1\/wp-json\/wp\/v2\/comments?post=146273"}],"version-history":[{"count":1,"href":"https:\/\/www.caririemacao.com\/1\/wp-json\/wp\/v2\/posts\/146273\/revisions"}],"predecessor-version":[{"id":146276,"href":"https:\/\/www.caririemacao.com\/1\/wp-json\/wp\/v2\/posts\/146273\/revisions\/146276"}],"wp:featuredmedia":[{"embeddable":true,"href":"https:\/\/www.caririemacao.com\/1\/wp-json\/wp\/v2\/media\/146275"}],"wp:attachment":[{"href":"https:\/\/www.caririemacao.com\/1\/wp-json\/wp\/v2\/media?parent=146273"}],"wp:term":[{"taxonomy":"category","embeddable":true,"href":"https:\/\/www.caririemacao.com\/1\/wp-json\/wp\/v2\/categories?post=146273"},{"taxonomy":"post_tag","embeddable":true,"href":"https:\/\/www.caririemacao.com\/1\/wp-json\/wp\/v2\/tags?post=146273"}],"curies":[{"name":"wp","href":"https:\/\/api.w.org\/{rel}","templated":true}]}}