{"id":146294,"date":"2020-01-13T06:41:26","date_gmt":"2020-01-13T09:41:26","guid":{"rendered":"http:\/\/www.caririemacao.com\/1\/?p=146294"},"modified":"2020-01-13T06:41:26","modified_gmt":"2020-01-13T09:41:26","slug":"segunda-noite-da-festa-de-sao-sebastiao-2020","status":"publish","type":"post","link":"https:\/\/www.caririemacao.com\/1\/2020\/01\/13\/segunda-noite-da-festa-de-sao-sebastiao-2020\/","title":{"rendered":"Segunda noite da Festa de S\u00e3o Sebasti\u00e3o 2020"},"content":{"rendered":"\n<p>Na noite deste domingo (12), foi celebrada na Igreja Matriz de S\u00e3o Sebasti\u00e3o, Par\u00f3quia de S\u00e3o Sebasti\u00e3o do Umbuzeiro, a segunda noite dos festejos do Padroeiro S\u00e3o Sebasti\u00e3o.<\/p>\n\n\n\n<p>A Celebra\u00e7\u00e3o foi presidida pelo Padre Ednaldo Gomes da Par\u00f3quia de S\u00e3o Jos\u00e9 Camala\u00fa Noite dedicada ao Coral Alegria, Jovens e a Pastoral da Crian\u00e7a.<\/p>\n\n\n\n<p>Hoje celebramos a festa do Batismo de Jesus. Nas \u00e1guas do rio Jord\u00e3o, Jesus \u00e9 batizado por Jo\u00e3o Batista. Jo\u00e3o ministrava um batismo de penit\u00eancia e de convers\u00e3o. O batismo de Jo\u00e3o preparava o povo para a chegada do Messias. Mas, sendo Jesus o pr\u00f3prio Messias, havia necessidade de ser batizado? Ser\u00e1 que Jesus precisava de convers\u00e3o?<\/p>\n\n\n\n<p><\/p>\n\n\n\n<p>Blog do Didi<br><\/p>\n","protected":false},"excerpt":{"rendered":"<p>Na noite deste domingo (12), foi celebrada na Igreja Matriz de S\u00e3o Sebasti\u00e3o, Par\u00f3quia de S\u00e3o Sebasti\u00e3o do Umbuzeiro, a segunda noite dos festejos do&hellip; <\/p>\n","protected":false},"author":1,"featured_media":146297,"comment_status":"closed","ping_status":"closed","sticky":false,"template":"","format":"standard","meta":{"sfsi_plus_gutenberg_text_before_share":"","sfsi_plus_gutenberg_show_text_before_share":"","sfsi_plus_gutenberg_icon_type":"","sfsi_plus_gutenberg_icon_alignemt":"","sfsi_plus_gutenburg_max_per_row":"","footnotes":""},"categories":[6],"tags":[],"class_list":["post-146294","post","type-post","status-publish","format-standard","has-post-thumbnail","hentry","category-cidades"],"_links":{"self":[{"href":"https:\/\/www.caririemacao.com\/1\/wp-json\/wp\/v2\/posts\/146294","targetHints":{"allow":["GET"]}}],"collection":[{"href":"https:\/\/www.caririemacao.com\/1\/wp-json\/wp\/v2\/posts"}],"about":[{"href":"https:\/\/www.caririemacao.com\/1\/wp-json\/wp\/v2\/types\/post"}],"author":[{"embeddable":true,"href":"https:\/\/www.caririemacao.com\/1\/wp-json\/wp\/v2\/users\/1"}],"replies":[{"embeddable":true,"href":"https:\/\/www.caririemacao.com\/1\/wp-json\/wp\/v2\/comments?post=146294"}],"version-history":[{"count":1,"href":"https:\/\/www.caririemacao.com\/1\/wp-json\/wp\/v2\/posts\/146294\/revisions"}],"predecessor-version":[{"id":146298,"href":"https:\/\/www.caririemacao.com\/1\/wp-json\/wp\/v2\/posts\/146294\/revisions\/146298"}],"wp:featuredmedia":[{"embeddable":true,"href":"https:\/\/www.caririemacao.com\/1\/wp-json\/wp\/v2\/media\/146297"}],"wp:attachment":[{"href":"https:\/\/www.caririemacao.com\/1\/wp-json\/wp\/v2\/media?parent=146294"}],"wp:term":[{"taxonomy":"category","embeddable":true,"href":"https:\/\/www.caririemacao.com\/1\/wp-json\/wp\/v2\/categories?post=146294"},{"taxonomy":"post_tag","embeddable":true,"href":"https:\/\/www.caririemacao.com\/1\/wp-json\/wp\/v2\/tags?post=146294"}],"curies":[{"name":"wp","href":"https:\/\/api.w.org\/{rel}","templated":true}]}}