{"id":146304,"date":"2020-01-13T06:43:33","date_gmt":"2020-01-13T09:43:33","guid":{"rendered":"http:\/\/www.caririemacao.com\/1\/?p=146304"},"modified":"2020-01-13T06:43:33","modified_gmt":"2020-01-13T09:43:33","slug":"governador-lanca-programa-de-incentivo-ao-esporte-paraibano-nesta-segunda","status":"publish","type":"post","link":"https:\/\/www.caririemacao.com\/1\/2020\/01\/13\/governador-lanca-programa-de-incentivo-ao-esporte-paraibano-nesta-segunda\/","title":{"rendered":"Governador lan\u00e7a Programa de Incentivo ao Esporte Paraibano nesta segunda"},"content":{"rendered":"\n<p>O governador da Para\u00edba, Jo\u00e3o Azev\u00eado lanca nesta segunda-feira (13), o&nbsp;Programa de Incentivo ao Esporte Paraibano. O lan\u00e7amento acontece&nbsp;\u00e0s 10h, na Vila Ol\u00edmpica Parahyba, em Jo\u00e3o Pessoa.&nbsp;<\/p>\n\n\n\n<p>O Programa de Incentivo ao Esporte Paraibano tem o objetivo de apoiar os clubes profissionais da Para\u00edba que disputam a primeira divis\u00e3o do Campeonato Paraibano e ainda as competi\u00e7\u00f5es nacionais, bem como as demais entidades e clubes que participam de competi\u00e7\u00f5es expressivas.<\/p>\n\n\n\n<p>Os atletas, paratletas e t\u00e9cnicos paraibanos tamb\u00e9m contar\u00e3o com o apoio e incentivo do Governo do Estado.<\/p>\n","protected":false},"excerpt":{"rendered":"<p>O governador da Para\u00edba, Jo\u00e3o Azev\u00eado lanca nesta segunda-feira (13), o&nbsp;Programa de Incentivo ao Esporte Paraibano. O lan\u00e7amento acontece&nbsp;\u00e0s 10h, na Vila Ol\u00edmpica Parahyba, em&hellip; <\/p>\n","protected":false},"author":1,"featured_media":146307,"comment_status":"closed","ping_status":"closed","sticky":false,"template":"","format":"standard","meta":{"sfsi_plus_gutenberg_text_before_share":"","sfsi_plus_gutenberg_show_text_before_share":"","sfsi_plus_gutenberg_icon_type":"","sfsi_plus_gutenberg_icon_alignemt":"","sfsi_plus_gutenburg_max_per_row":"","footnotes":""},"categories":[11],"tags":[],"class_list":["post-146304","post","type-post","status-publish","format-standard","has-post-thumbnail","hentry","category-politica"],"_links":{"self":[{"href":"https:\/\/www.caririemacao.com\/1\/wp-json\/wp\/v2\/posts\/146304","targetHints":{"allow":["GET"]}}],"collection":[{"href":"https:\/\/www.caririemacao.com\/1\/wp-json\/wp\/v2\/posts"}],"about":[{"href":"https:\/\/www.caririemacao.com\/1\/wp-json\/wp\/v2\/types\/post"}],"author":[{"embeddable":true,"href":"https:\/\/www.caririemacao.com\/1\/wp-json\/wp\/v2\/users\/1"}],"replies":[{"embeddable":true,"href":"https:\/\/www.caririemacao.com\/1\/wp-json\/wp\/v2\/comments?post=146304"}],"version-history":[{"count":1,"href":"https:\/\/www.caririemacao.com\/1\/wp-json\/wp\/v2\/posts\/146304\/revisions"}],"predecessor-version":[{"id":146308,"href":"https:\/\/www.caririemacao.com\/1\/wp-json\/wp\/v2\/posts\/146304\/revisions\/146308"}],"wp:featuredmedia":[{"embeddable":true,"href":"https:\/\/www.caririemacao.com\/1\/wp-json\/wp\/v2\/media\/146307"}],"wp:attachment":[{"href":"https:\/\/www.caririemacao.com\/1\/wp-json\/wp\/v2\/media?parent=146304"}],"wp:term":[{"taxonomy":"category","embeddable":true,"href":"https:\/\/www.caririemacao.com\/1\/wp-json\/wp\/v2\/categories?post=146304"},{"taxonomy":"post_tag","embeddable":true,"href":"https:\/\/www.caririemacao.com\/1\/wp-json\/wp\/v2\/tags?post=146304"}],"curies":[{"name":"wp","href":"https:\/\/api.w.org\/{rel}","templated":true}]}}