{"id":146312,"date":"2020-01-13T06:49:48","date_gmt":"2020-01-13T09:49:48","guid":{"rendered":"http:\/\/www.caririemacao.com\/1\/?p=146312"},"modified":"2020-01-13T06:49:48","modified_gmt":"2020-01-13T09:49:48","slug":"bolsonaro-publica-video-em-que-ministro-diz-que-concursos-selecionam-esquerdistas","status":"publish","type":"post","link":"https:\/\/www.caririemacao.com\/1\/2020\/01\/13\/bolsonaro-publica-video-em-que-ministro-diz-que-concursos-selecionam-esquerdistas\/","title":{"rendered":"Bolsonaro publica v\u00eddeo em que ministro diz que concursos selecionam esquerdistas"},"content":{"rendered":"\n<p>O presidente Jair Bolsonaro (sem partido) publicou em suas redes sociais um v\u00eddeo em que o ministro da Educa\u00e7\u00e3o, Abraham Weintraub, afirma que os concursos p\u00fablicos no Brasil selecionam pessoas com vi\u00e9s pol\u00edtico de esquerda.<\/p>\n\n\n\n<p>&#8220;Entre na internet e veja como foi o \u00faltimo concurso p\u00fablico da Abin (Ag\u00eancia Brasileira de Intelig\u00eancia). Se voc\u00ea ver, \u00e9 um concurso que [n\u00e3o] tem praticamente nada de matem\u00e1tica e est\u00e1 l\u00e1 falando governo estado-unidense. Ent\u00e3o voc\u00ea, na sele\u00e7\u00e3o, j\u00e1 seleciona pessoas com vi\u00e9s de esquerda nos concursos, como \u00e9 o Enem&#8221;, diz Weintraub.<\/p>\n\n\n\n<p>O ministro n\u00e3o explica em sua fala por que considera que o termo estado-unidense -reconhecido nos dicion\u00e1rios como sin\u00f4nimo de americano- indicaria um vi\u00e9s pol\u00edtico de esquerda.<\/p>\n\n\n\n<p>O v\u00eddeo foi publicado na conta oficial de Bolsonaro no Facebook. Na postagem, o presidente escreveu &#8220;doutrina\u00e7\u00e3o e mentiras at\u00e9 nos concursos&#8221;. &#8220;Caso fosse perguntado numa prova: ap\u00f3s a sa\u00edda de Jo\u00e3o Goulart, em 1964, quem assumiu a presid\u00eancia da rep\u00fablica? Qual sua resposta?&#8221;, acrescentou o mandat\u00e1rio, referindo-se ao presidente da Rep\u00fablica deposto pelo golpe militar daquele ano.<\/p>\n\n\n\n<p>No v\u00eddeo, o ministro da Educa\u00e7\u00e3o tamb\u00e9m diz que a suposta doutrina\u00e7\u00e3o nos concursos p\u00fablicos remonta ao governo Fernando Henrique Cardoso (1995-2002). Ele n\u00e3o apresenta no v\u00eddeo, que tem um minuto, provas que endossem suas afirma\u00e7\u00f5es.<\/p>\n\n\n\n<p>&#8220;Veja, isso come\u00e7ou com o Fernando Henrique. A gente n\u00e3o est\u00e1 falando de 16 anos de PT, a gente est\u00e1 falando mais de um quarto de s\u00e9culo. De continuamente uma doutrina\u00e7\u00e3o que come\u00e7a de uma forma suave e gradualmente voc\u00ea vai come\u00e7ando a achar o errado normal. E de repente voc\u00ea tem que achar o errado bonito. \u00c9 disso que a gente est\u00e1 falando&#8221;, afirma Weintraub.<\/p>\n\n\n\n<p>Na pe\u00e7a, o ministro tamb\u00e9m classifica o minist\u00e9rio da Educa\u00e7\u00e3o como &#8220;um colosso&#8221; e diz que a pasta concentra 300 mil dos 600 mil funcion\u00e1rios do governo federal. &#8220;Esse corpo aqui est\u00e1 cheio de pessoas que prestaram concurso p\u00fablico. \u00c9 importante que seja dito como s\u00e3o esses concursos p\u00fablicos&#8221;, afirma.<\/p>\n\n\n\n<p>Weintraub chegou \u00e0 Esplanada em abril, ao substituir Ricardo V\u00e9lez Rodr\u00edguez, e desde ent\u00e3o sua administra\u00e7\u00e3o tem sido marcada pela intensifica\u00e7\u00e3o de discurso ideol\u00f3gico e pela beliger\u00e2ncia em redes sociais.<\/p>\n\n\n\n<p>Especialistas criticam a gest\u00e3o do ministro e dizem que ela travou a pol\u00edtica educacional do pa\u00eds. N\u00e3o se cumpriu, por exemplo, a promessa de Bolsonaro de priorizar a educa\u00e7\u00e3o infantil e os ensinos fundamental e m\u00e9dio -a chamada educa\u00e7\u00e3o b\u00e1sica. A pasta computa uma prec\u00e1ria articula\u00e7\u00e3o com as secretarias de educa\u00e7\u00e3o pelo pa\u00eds e baixa execu\u00e7\u00e3o or\u00e7ament\u00e1ria de recursos federais.<\/p>\n\n\n\n<p>Em maio, ele surgiu nas redes sociais em v\u00eddeo de guarda-chuva em punho, dan\u00e7ando para ironizar not\u00edcias de cortes na pasta: &#8220;Est\u00e1 chovendo fake news&#8221;, declarou \u00e0 \u00e9poca. Apesar das queixas contra a sua atua\u00e7\u00e3o, Weintraub \u00e9 frequentemente elogiado e endossado por Bolsonaro em suas declara\u00e7\u00f5es.<\/p>\n\n\n\n<p>Na \u00faltima semana, ele foi novamente criticado ap\u00f3s publicar em suas redes sociais uma mensagem com um erro de portugu\u00eas. Na ocasi\u00e3o, ao agradecer o apoio do deputado Eduardo Bolsonaro, o ministro escreveu &#8220;imprecionante&#8221; em vez de &#8220;impressionante&#8221; &#8211; a postagem foi posteriormente apagada.<\/p>\n","protected":false},"excerpt":{"rendered":"<p>O presidente Jair Bolsonaro (sem partido) publicou em suas redes sociais um v\u00eddeo em que o ministro da Educa\u00e7\u00e3o, Abraham Weintraub, afirma que os concursos&hellip; <\/p>\n","protected":false},"author":1,"featured_media":126236,"comment_status":"closed","ping_status":"closed","sticky":false,"template":"","format":"standard","meta":{"sfsi_plus_gutenberg_text_before_share":"","sfsi_plus_gutenberg_show_text_before_share":"","sfsi_plus_gutenberg_icon_type":"","sfsi_plus_gutenberg_icon_alignemt":"","sfsi_plus_gutenburg_max_per_row":"","footnotes":""},"categories":[11],"tags":[],"class_list":["post-146312","post","type-post","status-publish","format-standard","has-post-thumbnail","hentry","category-politica"],"_links":{"self":[{"href":"https:\/\/www.caririemacao.com\/1\/wp-json\/wp\/v2\/posts\/146312","targetHints":{"allow":["GET"]}}],"collection":[{"href":"https:\/\/www.caririemacao.com\/1\/wp-json\/wp\/v2\/posts"}],"about":[{"href":"https:\/\/www.caririemacao.com\/1\/wp-json\/wp\/v2\/types\/post"}],"author":[{"embeddable":true,"href":"https:\/\/www.caririemacao.com\/1\/wp-json\/wp\/v2\/users\/1"}],"replies":[{"embeddable":true,"href":"https:\/\/www.caririemacao.com\/1\/wp-json\/wp\/v2\/comments?post=146312"}],"version-history":[{"count":1,"href":"https:\/\/www.caririemacao.com\/1\/wp-json\/wp\/v2\/posts\/146312\/revisions"}],"predecessor-version":[{"id":146314,"href":"https:\/\/www.caririemacao.com\/1\/wp-json\/wp\/v2\/posts\/146312\/revisions\/146314"}],"wp:featuredmedia":[{"embeddable":true,"href":"https:\/\/www.caririemacao.com\/1\/wp-json\/wp\/v2\/media\/126236"}],"wp:attachment":[{"href":"https:\/\/www.caririemacao.com\/1\/wp-json\/wp\/v2\/media?parent=146312"}],"wp:term":[{"taxonomy":"category","embeddable":true,"href":"https:\/\/www.caririemacao.com\/1\/wp-json\/wp\/v2\/categories?post=146312"},{"taxonomy":"post_tag","embeddable":true,"href":"https:\/\/www.caririemacao.com\/1\/wp-json\/wp\/v2\/tags?post=146312"}],"curies":[{"name":"wp","href":"https:\/\/api.w.org\/{rel}","templated":true}]}}