{"id":146336,"date":"2020-01-13T06:54:25","date_gmt":"2020-01-13T09:54:25","guid":{"rendered":"http:\/\/www.caririemacao.com\/1\/?p=146336"},"modified":"2020-01-13T06:54:25","modified_gmt":"2020-01-13T09:54:25","slug":"especialista-da-dicas-de-como-evitar-acidentes-com-criancas-durante-as-ferias","status":"publish","type":"post","link":"https:\/\/www.caririemacao.com\/1\/2020\/01\/13\/especialista-da-dicas-de-como-evitar-acidentes-com-criancas-durante-as-ferias\/","title":{"rendered":"Especialista d\u00e1 dicas de como evitar acidentes com crian\u00e7as durante as f\u00e9rias"},"content":{"rendered":"\n<p><br>Per\u00edodo de f\u00e9rias escolares deixa a garotada em polvorosa. O descanso, depois de um semestre agitado com provas, atividades, dever de casa, \u00e9 merecido. Por\u00e9m, para os pais, esta \u00e9 uma \u00e9poca em que a crian\u00e7ada dentro de casa significa ainda mais aten\u00e7\u00e3o. Em se tratando de f\u00e9rias escolares todo o cuidado \u00e9 pouco.<\/p>\n\n\n\n<p>\u00c9 que, como a crian\u00e7a fica mais livre para brincar, tudo o que ela ver pela frente poder\u00e1 se transformar em um novo brinquedo. E \u00e9 a\u00ed que mora o perigo.<\/p>\n\n\n\n<p>De acordo com dados do Minist\u00e9rio da Sa\u00fade, os acidentes s\u00e3o as principais causas de morte entre crian\u00e7as e adolescentes de 1 a 14 anos e isso representa 4 mil mortes por ano.<\/p>\n\n\n\n<figure class=\"wp-block-image\"><img decoding=\"async\" data-src=\"https:\/\/paraibaonline.com.br\/wp-content\/uploads\/2020\/01\/brincadeira-crian%C3%A7a-foto-publica-567x378.jpg\" alt=\"Foto: Marcelo Camargo\/Ag\u00eancia Brasil\" class=\"wp-image-830527 lazyload\" src=\"data:image\/svg+xml;base64,PHN2ZyB3aWR0aD0iMSIgaGVpZ2h0PSIxIiB4bWxucz0iaHR0cDovL3d3dy53My5vcmcvMjAwMC9zdmciPjwvc3ZnPg==\" style=\"--smush-placeholder-width: 567px; --smush-placeholder-aspect-ratio: 567\/378;\" \/><\/figure>\n\n\n\n<p>Foto: Marcelo Camargo\/Ag\u00eancia Brasil<\/p>\n\n\n\n<p>Durante entrevista \u00e0 R\u00e1dio Campina FM, o tenente do Corpo de Bombeiros de Campina Grande, M\u00e1rio Germano Filho, deu dicas de como os pais podem prevenir que acidentes ocorram quando os filhos est\u00e3o em casa, mesmo sem ser per\u00edodo de f\u00e9rias.<\/p>\n\n\n\n<p>Ele ressaltou que \u00e9 preciso muito cuidado com as crian\u00e7as pequenas para que n\u00e3o puxem cabos de panelas, e, portanto, estas devem estar sempre viradas para o lado de dentro do fog\u00e3o. Outras dicas s\u00e3o colocar protetores em quinas de m\u00f3veis e em tomadas, n\u00e3o deixar toalha na mesa, al\u00e9m de colocar grades para isolar os pequenos da cozinha.<\/p>\n\n\n\n<p>\u2013 Os maiores cuidados devem ser tomados principalmente na cozinha par evitar queimaduras, cortes e outros. Orientamos que objetos cortantes como tesouras, facas, nunca fiquem ao alcance das crian\u00e7as e de prefer\u00eancia se coloque traves em arm\u00e1rios. O material de limpeza deve ser armazenado em local alto e com travas nas portas. O ideal \u00e9 que a crian\u00e7a nunca entre sozinha na cozinha \u2013 alertou.<\/p>\n\n\n\n<p>Ele ainda disse que \u00e9 preciso que as faixas et\u00e1rias dos brinquedos sejam respeitadas, para que n\u00e3o haja facilidade de que objetos pequenos sejam engolidos, causando engasgos.<\/p>\n\n\n\n<p>O especialista ainda alertou para casas que tenham piscinas na \u00e1rea de lazer, mas as dicas tamb\u00e9m vale para parques aqu\u00e1ticos, praias, clubes e outros.<\/p>\n\n\n\n<p>\u2013 O afogamento \u00e9 a segunda causa de morte de crian\u00e7as no Brasil. \u00c9 preciso ter muito cuidado e manter a grade fechada ao redor da piscina. Caso n\u00e3o tenha esse objeto, providenciar uma lona de prote\u00e7\u00e3o que suporte o peso delas \u2013 contou.<\/p>\n\n\n\n<p>Outras dicas est\u00e3o relacionadas ao sair com o filho para passear. O bombeiro disse que \u00e9 sempre importante observar o ambiente quando for atravessar a rua. Em um parque de divers\u00f5es p\u00fablico, observar se os brinquedos est\u00e3o em boas condi\u00e7\u00f5es e sempre usar capacete, joelheira, cotoveleira quando for passear de bicicleta.<\/p>\n\n\n\n<p>Em caso de ocorr\u00eancia, o Corpo de Bombeiros est\u00e1 alerta para anteder atrav\u00e9s do 193.<\/p>\n","protected":false},"excerpt":{"rendered":"<p>Per\u00edodo de f\u00e9rias escolares deixa a garotada em polvorosa. O descanso, depois de um semestre agitado com provas, atividades, dever de casa, \u00e9 merecido. Por\u00e9m,&hellip; <\/p>\n","protected":false},"author":1,"featured_media":146339,"comment_status":"closed","ping_status":"closed","sticky":false,"template":"","format":"standard","meta":{"sfsi_plus_gutenberg_text_before_share":"","sfsi_plus_gutenberg_show_text_before_share":"","sfsi_plus_gutenberg_icon_type":"","sfsi_plus_gutenberg_icon_alignemt":"","sfsi_plus_gutenburg_max_per_row":"","footnotes":""},"categories":[50,16],"tags":[],"class_list":["post-146336","post","type-post","status-publish","format-standard","has-post-thumbnail","hentry","category-destaque","category-saude"],"_links":{"self":[{"href":"https:\/\/www.caririemacao.com\/1\/wp-json\/wp\/v2\/posts\/146336","targetHints":{"allow":["GET"]}}],"collection":[{"href":"https:\/\/www.caririemacao.com\/1\/wp-json\/wp\/v2\/posts"}],"about":[{"href":"https:\/\/www.caririemacao.com\/1\/wp-json\/wp\/v2\/types\/post"}],"author":[{"embeddable":true,"href":"https:\/\/www.caririemacao.com\/1\/wp-json\/wp\/v2\/users\/1"}],"replies":[{"embeddable":true,"href":"https:\/\/www.caririemacao.com\/1\/wp-json\/wp\/v2\/comments?post=146336"}],"version-history":[{"count":1,"href":"https:\/\/www.caririemacao.com\/1\/wp-json\/wp\/v2\/posts\/146336\/revisions"}],"predecessor-version":[{"id":146340,"href":"https:\/\/www.caririemacao.com\/1\/wp-json\/wp\/v2\/posts\/146336\/revisions\/146340"}],"wp:featuredmedia":[{"embeddable":true,"href":"https:\/\/www.caririemacao.com\/1\/wp-json\/wp\/v2\/media\/146339"}],"wp:attachment":[{"href":"https:\/\/www.caririemacao.com\/1\/wp-json\/wp\/v2\/media?parent=146336"}],"wp:term":[{"taxonomy":"category","embeddable":true,"href":"https:\/\/www.caririemacao.com\/1\/wp-json\/wp\/v2\/categories?post=146336"},{"taxonomy":"post_tag","embeddable":true,"href":"https:\/\/www.caririemacao.com\/1\/wp-json\/wp\/v2\/tags?post=146336"}],"curies":[{"name":"wp","href":"https:\/\/api.w.org\/{rel}","templated":true}]}}